{"id":961,"date":"2018-08-10T11:32:39","date_gmt":"2018-08-10T14:32:39","guid":{"rendered":"http:\/\/dgospel.com.br\/portal\/?p=961"},"modified":"2018-08-10T11:37:24","modified_gmt":"2018-08-10T14:37:24","slug":"pastor-pedro-lima-declara-apoio-aos-pre-candidatos-irancildo-serra-e-nuir-junior","status":"publish","type":"post","link":"https:\/\/dgospel.com.br\/portal\/index.php\/2018\/08\/10\/pastor-pedro-lima-declara-apoio-aos-pre-candidatos-irancildo-serra-e-nuir-junior\/","title":{"rendered":"Pastor Pedro Lima declara apoio aos pr\u00e9-candidatos Irancildo Serra e Nuir Junior"},"content":{"rendered":"<p>O Pastor Pedro Lima Santos, ex-deputado estadual, e presidente de honra da Conven\u00e7\u00e3o Interestadual dos Ministros das Assembleias de Deus do Minist\u00e9rio do SETA (CIADSETA), confirmou, nesta sexta-feira, 10, seu apoio \u00e0 pr\u00e9-candidatura do Pastor Irancildo Nunes Serra a deputado estadual, e a pr\u00e9-candidatura de Nuir Machado de Lima Filho, a deputado federal.<\/p>\n<p><img loading=\"lazy\" class=\"alignnone size-medium wp-image-965\" src=\"http:\/\/dgospel.com.br\/portal\/wp-content\/uploads\/2018\/08\/f247d75b-4fe8-44c6-b073-b8b55a05d809-1-300x224.jpg\" alt=\"\" width=\"300\" height=\"224\" srcset=\"https:\/\/dgospel.com.br\/portal\/wp-content\/uploads\/2018\/08\/f247d75b-4fe8-44c6-b073-b8b55a05d809-1-300x224.jpg 300w, https:\/\/dgospel.com.br\/portal\/wp-content\/uploads\/2018\/08\/f247d75b-4fe8-44c6-b073-b8b55a05d809-1-768x573.jpg 768w, https:\/\/dgospel.com.br\/portal\/wp-content\/uploads\/2018\/08\/f247d75b-4fe8-44c6-b073-b8b55a05d809-1.jpg 799w\" sizes=\"(max-width: 300px) 100vw, 300px\" \/><\/p>\n<p>Ao <strong>Di\u00e1rio Gospel<\/strong>, o Pastor Pedro Lima Santos, disse que Irancildo Nunes Serra \u00e9 um jovem din\u00e2mico, de um futuro muito grande, decidido e corajoso. \u201cEstou declarando o meu apoio a estes dois pr\u00e9-candidatos por entender que s\u00e3o bons nomes e tem excelentes propostas\u201d, disse.<\/p>\n<p>O Pastor Pedro Lima Santos, que presidiu a Conven\u00e7\u00e3o Interestadual dos Ministros das Assembleias de Deus do Minist\u00e9rio do SETA (CIADSETA), por 18 anos, goza de muita amizade e credibilidade dentro do segmento evang\u00e9lico, e o seu apoio aos pr\u00e9-candidatos tem sido de suma import\u00e2ncia.<\/p>\n<p><em>\u00a0\u201cAcredito muito na elei\u00e7\u00e3o do <\/em>Pastor Irancildo<em>. At\u00e9 porque o nosso Estado precisa de verdade de pessoas do bem, pois a popula\u00e7\u00e3o anda descrente nos pol\u00edticos, em um momento em que o pa\u00eds atravessa uma crise sem precedentes no que diz respeito \u00e0 pol\u00edtica e \u00e0 economia\u201d,<\/em>\u00a0disso Lima.<\/p>\n<p>&nbsp;<\/p>\n<p>&nbsp;<\/p>\n","protected":false},"excerpt":{"rendered":"<p>O Pastor Pedro Lima Santos, ex-deputado estadual, e presidente de honra da Conven\u00e7\u00e3o Interestadual dos Ministros das Assembleias de Deus do Minist\u00e9rio do SETA (CIADSETA), confirmou, nesta sexta-feira, 10, seu apoio \u00e0 pr\u00e9-candidatura do Pastor Irancildo Nunes Serra a deputado estadual, e a pr\u00e9-candidatura de Nuir Machado de Lima Filho, a deputado federal. Ao Di\u00e1rio [&hellip;]<\/p>\n","protected":false},"author":2,"featured_media":962,"comment_status":"open","ping_status":"open","sticky":false,"template":"","format":"standard","meta":[],"categories":[2,4],"tags":[],"_links":{"self":[{"href":"https:\/\/dgospel.com.br\/portal\/index.php\/wp-json\/wp\/v2\/posts\/961"}],"collection":[{"href":"https:\/\/dgospel.com.br\/portal\/index.php\/wp-json\/wp\/v2\/posts"}],"about":[{"href":"https:\/\/dgospel.com.br\/portal\/index.php\/wp-json\/wp\/v2\/types\/post"}],"author":[{"embeddable":true,"href":"https:\/\/dgospel.com.br\/portal\/index.php\/wp-json\/wp\/v2\/users\/2"}],"replies":[{"embeddable":true,"href":"https:\/\/dgospel.com.br\/portal\/index.php\/wp-json\/wp\/v2\/comments?post=961"}],"version-history":[{"count":3,"href":"https:\/\/dgospel.com.br\/portal\/index.php\/wp-json\/wp\/v2\/posts\/961\/revisions"}],"predecessor-version":[{"id":966,"href":"https:\/\/dgospel.com.br\/portal\/index.php\/wp-json\/wp\/v2\/posts\/961\/revisions\/966"}],"wp:featuredmedia":[{"embeddable":true,"href":"https:\/\/dgospel.com.br\/portal\/index.php\/wp-json\/wp\/v2\/media\/962"}],"wp:attachment":[{"href":"https:\/\/dgospel.com.br\/portal\/index.php\/wp-json\/wp\/v2\/media?parent=961"}],"wp:term":[{"taxonomy":"category","embeddable":true,"href":"https:\/\/dgospel.com.br\/portal\/index.php\/wp-json\/wp\/v2\/categories?post=961"},{"taxonomy":"post_tag","embeddable":true,"href":"https:\/\/dgospel.com.br\/portal\/index.php\/wp-json\/wp\/v2\/tags?post=961"}],"curies":[{"name":"wp","href":"https:\/\/api.w.org\/{rel}","templated":true}]}}