{"id":9620,"date":"2021-10-19T10:45:16","date_gmt":"2021-10-19T13:45:16","guid":{"rendered":"http:\/\/dgospel.com.br\/portal\/?p=9620"},"modified":"2021-10-27T15:59:26","modified_gmt":"2021-10-27T18:59:26","slug":"mauro-carlesse-determina-continuidade-dos-estudos-para-construcao-do-novo-plano-de-cargos-carreiras-e-salarios-da-policia-civil","status":"publish","type":"post","link":"https:\/\/dgospel.com.br\/portal\/index.php\/2021\/10\/19\/mauro-carlesse-determina-continuidade-dos-estudos-para-construcao-do-novo-plano-de-cargos-carreiras-e-salarios-da-policia-civil\/","title":{"rendered":"Rubens Uch\u00f4a se manifestou radicalmente contra o aumento de 21% no reajuste da \u00e1gua pela BRK Ambiental"},"content":{"rendered":"\n<p>O vereador Rubens Uch\u00f4a manifestou-se radicalmente contra o aumento de 21% no reajuste da \u00e1gua pela BRK Ambiental.<\/p>\n\n\n\n<p>N\u00e3o obstante na \u00faltima sess\u00e3o ordin\u00e1ria do dia 28 de setembro, foi assinado a autoriza\u00e7\u00e3o \u00e0 comiss\u00e3o de constitui\u00e7\u00e3o e justi\u00e7a da C\u00e2mara, para que seja elaborado o decreto legislativo que cancele ou suspenda a concess\u00e3o da BRK Ambiental.<\/p>\n\n\n\n<p>Uch\u00f4a afirma a insatisfa\u00e7\u00e3o da popula\u00e7\u00e3o palmense com o tratamento desumano que a BRK desenvolve em sua atua\u00e7\u00e3o na cidade de Palmas e declara ser imposs\u00edvel manter a BRK Ambiental a frente do servi\u00e7o de saneamento b\u00e1sico.<\/p>\n\n\n\n<p>Por essas e outras in\u00fameras raz\u00f5es, o legislador se manifesta contr\u00e1rio e busca apoio dos demais pares para que de forma emergencial paralisem o aumento de 21% de reajuste de servi\u00e7os.<\/p>\n\n\n\n<p>Fonte: primeirapagina<\/p>\n","protected":false},"excerpt":{"rendered":"<p>O vereador Rubens Uch\u00f4a manifestou-se radicalmente contra o aumento de 21% no reajuste da \u00e1gua pela BRK Ambiental. N\u00e3o obstante na \u00faltima sess\u00e3o ordin\u00e1ria do dia 28 de setembro, foi assinado a autoriza\u00e7\u00e3o \u00e0 comiss\u00e3o de constitui\u00e7\u00e3o e justi\u00e7a da C\u00e2mara, para que seja elaborado o decreto legislativo que cancele ou suspenda a concess\u00e3o da [&hellip;]<\/p>\n","protected":false},"author":2,"featured_media":9698,"comment_status":"open","ping_status":"open","sticky":false,"template":"","format":"standard","meta":[],"categories":[8],"tags":[13],"_links":{"self":[{"href":"https:\/\/dgospel.com.br\/portal\/index.php\/wp-json\/wp\/v2\/posts\/9620"}],"collection":[{"href":"https:\/\/dgospel.com.br\/portal\/index.php\/wp-json\/wp\/v2\/posts"}],"about":[{"href":"https:\/\/dgospel.com.br\/portal\/index.php\/wp-json\/wp\/v2\/types\/post"}],"author":[{"embeddable":true,"href":"https:\/\/dgospel.com.br\/portal\/index.php\/wp-json\/wp\/v2\/users\/2"}],"replies":[{"embeddable":true,"href":"https:\/\/dgospel.com.br\/portal\/index.php\/wp-json\/wp\/v2\/comments?post=9620"}],"version-history":[{"count":2,"href":"https:\/\/dgospel.com.br\/portal\/index.php\/wp-json\/wp\/v2\/posts\/9620\/revisions"}],"predecessor-version":[{"id":9699,"href":"https:\/\/dgospel.com.br\/portal\/index.php\/wp-json\/wp\/v2\/posts\/9620\/revisions\/9699"}],"wp:featuredmedia":[{"embeddable":true,"href":"https:\/\/dgospel.com.br\/portal\/index.php\/wp-json\/wp\/v2\/media\/9698"}],"wp:attachment":[{"href":"https:\/\/dgospel.com.br\/portal\/index.php\/wp-json\/wp\/v2\/media?parent=9620"}],"wp:term":[{"taxonomy":"category","embeddable":true,"href":"https:\/\/dgospel.com.br\/portal\/index.php\/wp-json\/wp\/v2\/categories?post=9620"},{"taxonomy":"post_tag","embeddable":true,"href":"https:\/\/dgospel.com.br\/portal\/index.php\/wp-json\/wp\/v2\/tags?post=9620"}],"curies":[{"name":"wp","href":"https:\/\/api.w.org\/{rel}","templated":true}]}}