{"id":9623,"date":"2021-10-19T10:47:17","date_gmt":"2021-10-19T13:47:17","guid":{"rendered":"http:\/\/dgospel.com.br\/portal\/?p=9623"},"modified":"2021-10-19T10:47:19","modified_gmt":"2021-10-19T13:47:19","slug":"vice-governador-wanderlei-barbosa-participa-de-forum-mundial-de-bioeconomia-e-de-governadores-da-amazonia-legal-em-belem","status":"publish","type":"post","link":"https:\/\/dgospel.com.br\/portal\/index.php\/2021\/10\/19\/vice-governador-wanderlei-barbosa-participa-de-forum-mundial-de-bioeconomia-e-de-governadores-da-amazonia-legal-em-belem\/","title":{"rendered":"Vice-governador Wanderlei Barbosa participa de F\u00f3rum Mundial de Bioeconomia e de Governadores da Amaz\u00f4nia Legal, em Bel\u00e9m"},"content":{"rendered":"\n<p>O vice-governador do Tocantins, Wanderlei Barbosa, participou nesta segunda-feira, 18, representando o Governo do Tocantins, da abertura do F\u00f3rum Mundial de Bioeconomia (WCBEF), em Bel\u00e9m-PA. A solenidade de abertura foi realizada no Galp\u00e3o 3 da Esta\u00e7\u00e3o das Docas e as programa\u00e7\u00f5es do evento seguem at\u00e9 quarta-feira, 20.<\/p>\n\n\n\n<p>Com o objetivo de promover o encontro de lideran\u00e7as de diversas na\u00e7\u00f5es para debater sobre a tem\u00e1tica da Bioeconomia, o evento contou com a presen\u00e7a de diretores do F\u00f3rum Mundial de Bioeconomia, do governador anfitri\u00e3o, Helder Barbalho, dos demais governadores e representantes dos estados que comp\u00f5em a Amaz\u00f4nia Legal: Acre, Amap\u00e1, Amazonas, Maranh\u00e3o, Mato Grosso, Rond\u00f4nia, Roraima e Tocantins, e de representantes de organiza\u00e7\u00f5es patrocinadoras. O vice-presidente da Rep\u00fablica, Hamilton Mour\u00e3o, tamb\u00e9m prestigiou o evento, de forma online.<\/p>\n\n\n\n<p>O vice-governador Wanderlei Barbosa considera que a realiza\u00e7\u00e3o do evento no Par\u00e1 fortalece ainda mais os estados da Amaz\u00f4nia Legal, principalmente em raz\u00e3o do tema da bioeconomia, que sinaliza um caminho vi\u00e1vel para o crescimento e desenvolvimento sustent\u00e1vel da regi\u00e3o.&nbsp; \u201cFico feliz em poder trazer o Tocantins para um F\u00f3rum de tamanha relev\u00e2ncia para a prote\u00e7\u00e3o de nossas florestas, com solu\u00e7\u00f5es baseadas na natureza e na economia verde de biodiversidade\u201d, ressaltou.<\/p>\n\n\n\n<p>A secret\u00e1ria de Meio Ambiente e Recursos H\u00eddricos do Tocantins, Miyuki Hyashida, que estava acompanhando Wanderlei Barbosa, pontuou sobre a import\u00e2ncia da inclus\u00e3o das comunidades tradicionais nos projetos de bioeconomia. \u201cEvento muito importante para que possamos repensar a maneira de produzir com sustentabilidade, preservar, incluir pequenos e m\u00e9dios produtores, ind\u00edgenas, quilombolas, ribeirinhos, e ser economicamente gratificado, por ter produtos regionais da nossa terra valorizados no mercado nacional e internacional\u201d, destacou.&nbsp;<\/p>\n\n\n\n<p>A agenda oficial em Bel\u00e9m incluiu, ainda, a participa\u00e7\u00e3o do Vice-governador do Tocantins no painel Bio Summit Amaz\u00f4nia 2021; e no 24\u00ba F\u00f3rum de Governadores da Amaz\u00f4nia Legal, que este ano abordou o tema da&nbsp;<em>Bioeconomia no Contexto da Agenda Comum dos Estados Amaz\u00f4nicos<\/em>.<\/p>\n\n\n\n<p>Os participantes do encontro discutiram estrat\u00e9gias para implementa\u00e7\u00e3o de a\u00e7\u00f5es voltadas para o desenvolvimento sustent\u00e1vel da Amaz\u00f4nia Legal. Al\u00e9m disso, foi anunciado o Acordo de Coopera\u00e7\u00e3o que visa o aporte de recursos para execu\u00e7\u00e3o do projeto de fortalecimento de Cadeias Produtivas da Bioeconomia e parcerias entre os nove estados consorciados a serem celebradas com a Coopera\u00e7\u00e3o Alem\u00e3-GIZ e Emergent\\Coaliz\u00e3o Leaf, provavelmente durante a COP-26, no dia 6 de novembro.&nbsp;<\/p>\n\n\n\n<p>Wanderlei Barbosa ressaltou a import\u00e2ncia de debater os meios econ\u00f4micos para a sobreviv\u00eancia das riquezas das diversidades amaz\u00f4nicas.&nbsp; \u201cTrocando experi\u00eancias, n\u00f3s vamos crescer sem diminuir o tamanho do meio ambiente. Sabemos que o setor produtivo avan\u00e7a e o Tocantins que \u00e9 um estado novo, vem tendo todo o cuidado de produzir sem matar, tanto a natureza, as nossas matas e rios, a exemplo de nossas bacias, onde o Governo realizou importantes recupera\u00e7\u00f5es. Temos tamb\u00e9m que aumentar a produ\u00e7\u00e3o de nossas \u00e1reas abertas com tecnologia avan\u00e7ada, sintonizados com os governadores da Amaz\u00f4nia e do Brasil\u201d, ressaltou.&nbsp;<\/p>\n\n\n\n<p>Ao final do encontro, os nove estados assinaram uma carta de compromisso coletivo onde o principal objetivo \u00e9 a busca de parcerias que valorizem e alavanquem as cadeias produtivas locais, assegurando, com isso, a gera\u00e7\u00e3o de emprego e renda para milh\u00f5es de brasileiros.<\/p>\n\n\n\n<figure class=\"wp-block-image\"><img src=\"https:\/\/central.to.gov.br\/image\/266689?w=565&amp;h=349\" alt=\"\"\/><\/figure>\n\n\n\n<p>Vice-governador do Tocantins, Wanderlei Barbosa, \u00e9 cumprimentado pelo governador do Par\u00e1 e anfitri\u00e3o dos eventos, Helder Barbalho &#8211; Vice-governadoria\/Governo do Tocantins.<br><\/p>\n","protected":false},"excerpt":{"rendered":"<p>O vice-governador do Tocantins, Wanderlei Barbosa, participou nesta segunda-feira, 18, representando o Governo do Tocantins, da abertura do F\u00f3rum Mundial de Bioeconomia (WCBEF), em Bel\u00e9m-PA. A solenidade de abertura foi realizada no Galp\u00e3o 3 da Esta\u00e7\u00e3o das Docas e as programa\u00e7\u00f5es do evento seguem at\u00e9 quarta-feira, 20. Com o objetivo de promover o encontro de [&hellip;]<\/p>\n","protected":false},"author":2,"featured_media":9624,"comment_status":"open","ping_status":"open","sticky":false,"template":"","format":"standard","meta":[],"categories":[3],"tags":[13],"_links":{"self":[{"href":"https:\/\/dgospel.com.br\/portal\/index.php\/wp-json\/wp\/v2\/posts\/9623"}],"collection":[{"href":"https:\/\/dgospel.com.br\/portal\/index.php\/wp-json\/wp\/v2\/posts"}],"about":[{"href":"https:\/\/dgospel.com.br\/portal\/index.php\/wp-json\/wp\/v2\/types\/post"}],"author":[{"embeddable":true,"href":"https:\/\/dgospel.com.br\/portal\/index.php\/wp-json\/wp\/v2\/users\/2"}],"replies":[{"embeddable":true,"href":"https:\/\/dgospel.com.br\/portal\/index.php\/wp-json\/wp\/v2\/comments?post=9623"}],"version-history":[{"count":1,"href":"https:\/\/dgospel.com.br\/portal\/index.php\/wp-json\/wp\/v2\/posts\/9623\/revisions"}],"predecessor-version":[{"id":9625,"href":"https:\/\/dgospel.com.br\/portal\/index.php\/wp-json\/wp\/v2\/posts\/9623\/revisions\/9625"}],"wp:featuredmedia":[{"embeddable":true,"href":"https:\/\/dgospel.com.br\/portal\/index.php\/wp-json\/wp\/v2\/media\/9624"}],"wp:attachment":[{"href":"https:\/\/dgospel.com.br\/portal\/index.php\/wp-json\/wp\/v2\/media?parent=9623"}],"wp:term":[{"taxonomy":"category","embeddable":true,"href":"https:\/\/dgospel.com.br\/portal\/index.php\/wp-json\/wp\/v2\/categories?post=9623"},{"taxonomy":"post_tag","embeddable":true,"href":"https:\/\/dgospel.com.br\/portal\/index.php\/wp-json\/wp\/v2\/tags?post=9623"}],"curies":[{"name":"wp","href":"https:\/\/api.w.org\/{rel}","templated":true}]}}