{"id":9629,"date":"2021-10-19T12:26:23","date_gmt":"2021-10-19T15:26:23","guid":{"rendered":"http:\/\/dgospel.com.br\/portal\/?p=9629"},"modified":"2021-10-19T12:26:24","modified_gmt":"2021-10-19T15:26:24","slug":"stf-rejeita-acao-do-psol-contra-falas-de-bolsonaro-na-pandemia","status":"publish","type":"post","link":"https:\/\/dgospel.com.br\/portal\/index.php\/2021\/10\/19\/stf-rejeita-acao-do-psol-contra-falas-de-bolsonaro-na-pandemia\/","title":{"rendered":"STF rejeita a\u00e7\u00e3o do PSOL contra falas de Bolsonaro na pandemia"},"content":{"rendered":"\n<p>Nesta segunda-feira (18), o plen\u00e1rio do Supremo Tribunal Federal (STF) decidiu, por 8 votos a 2, rejeitar a abertura de uma a\u00e7\u00e3o de descumprimento de preceito fundamental (ADPF) que questionava atos e falas do presidente Jair Bolsonaro sobre a pandemia de Covid-19. A a\u00e7\u00e3o foi apresentada pelo PSOL em maio do ano passado.<\/p>\n\n\n\n<p>O processo foi julgado no plen\u00e1rio virtual, em que os ministros t\u00eam alguns dias para votar de modo remoto e sem debate oral. Nesse caso, a sess\u00e3o de julgamento durou dez dias e se encerrou \u00e0s 23h59 de ontem.<\/p>\n\n\n\n<p>Ao final, prevaleceu o entendimento da relatora, ministra Rosa Weber, que rejeitou a a\u00e7\u00e3o por entender ser inadequada a abertura de ADPF no caso. Ela tamb\u00e9m considerou a pe\u00e7a inicial inepta por n\u00e3o especificar exatamente quais atos estariam sendo questionados e tampouco quais medidas objetivas gostaria de ver tomadas.<\/p>\n\n\n\n<p>Ela foi seguida pelos ministros Alexandre de Moraes, Lu\u00eds Roberto Barroso, Dias Toffoli, Nunes Marques, C\u00e1rmen L\u00facia, Gilmar Mendes e Luiz Fux. Foram votos vencidos os ministros Ricardo Lewandowski e Edson Fachin, para quem haveria amea\u00e7a a preceitos fundamentais nos atos e falas presidenciais.<\/p>\n\n\n\n<p>O partido argumentou que o presidente e seu governo violam a Constitui\u00e7\u00e3o ao minimizar a pandemia de Covid-19, manifestando-se, por exemplo, contra o isolamento social e o uso de m\u00e1scaras.<\/p>\n\n\n\n<p>A legenda pediu ao Supremo que ordenasse o presidente e os membros de seu governo a \u201cpautarem seus atos\u201d de acordo com o direito fundamental \u00e0 sa\u00fade e os preceitos do Estado Democr\u00e1tico de Direito.<\/p>\n\n\n\n<p><strong>RELATORA<\/strong><br>Para Rosa Weber, esse tipo de pedido gen\u00e9rico n\u00e3o faz sentido, uma vez que o cumprimento da Constitui\u00e7\u00e3o j\u00e1 \u00e9 pressuposto de qualquer cargo p\u00fablico. Uma decis\u00e3o nesse sentido seria \u201cdestinada apenas a reafirmar aquilo que resulta da pr\u00f3pria ideia de Estado Constitucional de Direito\u201d, segundo escreveu a ministra.<\/p>\n\n\n\n<p>A relatora tamb\u00e9m criticou a falta de especificidade dos atos questionados. Para ela a pe\u00e7a inicial manifesta \u201cinconformismo gen\u00e9rico com o governo federal\u201d, n\u00e3o sendo capaz de apontar com objetividade qual seria o alvo da interven\u00e7\u00e3o judicial.<\/p>\n\n\n\n<p>Weber escreveu que \u201cn\u00e3o apenas os fatos apontados como justificadores da instaura\u00e7\u00e3o deste processo de controle concentrado s\u00e3o mencionados de maneira vaga e imprecisa, mas o pr\u00f3prio pedido deduzido pelo autor \u00e9 incapaz de individuar o objeto da tutela pretendida\u201d.<\/p>\n\n\n\n<p>Em outro trecho, a relatora apontou que \u201cna realidade, a pretens\u00e3o dirige-se contra atos futuros e incertos a serem praticados por ocasi\u00e3o de eventos ainda desconhecidos\u201d.<\/p>\n","protected":false},"excerpt":{"rendered":"<p>Nesta segunda-feira (18), o plen\u00e1rio do Supremo Tribunal Federal (STF) decidiu, por 8 votos a 2, rejeitar a abertura de uma a\u00e7\u00e3o de descumprimento de preceito fundamental (ADPF) que questionava atos e falas do presidente Jair Bolsonaro sobre a pandemia de Covid-19. A a\u00e7\u00e3o foi apresentada pelo PSOL em maio do ano passado. O processo [&hellip;]<\/p>\n","protected":false},"author":2,"featured_media":9630,"comment_status":"open","ping_status":"open","sticky":false,"template":"","format":"standard","meta":[],"categories":[4],"tags":[14],"_links":{"self":[{"href":"https:\/\/dgospel.com.br\/portal\/index.php\/wp-json\/wp\/v2\/posts\/9629"}],"collection":[{"href":"https:\/\/dgospel.com.br\/portal\/index.php\/wp-json\/wp\/v2\/posts"}],"about":[{"href":"https:\/\/dgospel.com.br\/portal\/index.php\/wp-json\/wp\/v2\/types\/post"}],"author":[{"embeddable":true,"href":"https:\/\/dgospel.com.br\/portal\/index.php\/wp-json\/wp\/v2\/users\/2"}],"replies":[{"embeddable":true,"href":"https:\/\/dgospel.com.br\/portal\/index.php\/wp-json\/wp\/v2\/comments?post=9629"}],"version-history":[{"count":1,"href":"https:\/\/dgospel.com.br\/portal\/index.php\/wp-json\/wp\/v2\/posts\/9629\/revisions"}],"predecessor-version":[{"id":9631,"href":"https:\/\/dgospel.com.br\/portal\/index.php\/wp-json\/wp\/v2\/posts\/9629\/revisions\/9631"}],"wp:featuredmedia":[{"embeddable":true,"href":"https:\/\/dgospel.com.br\/portal\/index.php\/wp-json\/wp\/v2\/media\/9630"}],"wp:attachment":[{"href":"https:\/\/dgospel.com.br\/portal\/index.php\/wp-json\/wp\/v2\/media?parent=9629"}],"wp:term":[{"taxonomy":"category","embeddable":true,"href":"https:\/\/dgospel.com.br\/portal\/index.php\/wp-json\/wp\/v2\/categories?post=9629"},{"taxonomy":"post_tag","embeddable":true,"href":"https:\/\/dgospel.com.br\/portal\/index.php\/wp-json\/wp\/v2\/tags?post=9629"}],"curies":[{"name":"wp","href":"https:\/\/api.w.org\/{rel}","templated":true}]}}