{"id":9632,"date":"2021-10-19T12:45:48","date_gmt":"2021-10-19T15:45:48","guid":{"rendered":"http:\/\/dgospel.com.br\/portal\/?p=9632"},"modified":"2021-10-19T12:45:49","modified_gmt":"2021-10-19T15:45:49","slug":"andressa-urach-volta-para-a-igreja-com-o-marido-reconheco-meus-pecados","status":"publish","type":"post","link":"https:\/\/dgospel.com.br\/portal\/index.php\/2021\/10\/19\/andressa-urach-volta-para-a-igreja-com-o-marido-reconheco-meus-pecados\/","title":{"rendered":"Andressa Urach volta para a igreja com o marido: \u201cReconhe\u00e7o meus pecados\u201d"},"content":{"rendered":"\n<p>Poucas semanas ap\u00f3s dizer que reatou\no casamento com Thiago Lopes, Andressa Urach anunciou agora que voltou a\nfrequentar a Igreja Universal do Reino de Deus junto a seu marido.<\/p>\n\n\n\n<p>Em uma longa publica\u00e7\u00e3o no Instagram,\nUrach informou seus seguidores que ambos foram novamente batizados.<\/p>\n\n\n\n<p>\u201cOntem foi um dia muito especial,\npois eu e meu esposo nos batizamos. Quero deixar claro que n\u00e3o concordo com a\nfogueira santa e tamb\u00e9m n\u00e3o gosto de algumas pessoas que lideram a Universal,\nmas como sei que o Bispo Guaracy e a dona Thais s\u00e3o pessoas de Deus, vou voltar\na frequentar as reuni\u00f5es do bispo, acompanhada do meu esposo\u201d, disse ela.<\/p>\n\n\n\n<p>Urach deixou claro que s\u00f3 est\u00e1\nfrequentando novamente as reuni\u00f5es devido ao bispo e que tem trabalhado o\n\u201cperd\u00e3o\u201d.<\/p>\n\n\n\n<p>\u201cEstou, sim, trabalhando o perd\u00e3o,\nporque preciso do perd\u00e3o de Deus. Sou falha, reconhe\u00e7o meus pecados, meu erros\ne sou o que sou. Reconhe\u00e7o que preciso muito de Jesus, principalmente para dar certo\no meu casamento e a minha fam\u00edlia\u201d, disse Urach que agradeceu ainda a todos que\ntem torcido por ela e pelo marido.<\/p>\n\n\n\n<p>\u201cAgrade\u00e7o \u00e0s ora\u00e7\u00f5es e quem torce por\nn\u00f3s. Fiquei muito feliz com a miseric\u00f3rdia de Deus comigo, ainda bem que deu\ntempo de me arrepender, me batizar e recome\u00e7ar do zero de novo. Obrigada, amor,\npor lutar por n\u00f3s!\u201d, finalizou.<\/p>\n\n\n\n<p>O m\u00eas de setembro foi agitado para o\ncasal Andressa Urach e Thiago Lopes. Um dia ap\u00f3s publicar que&nbsp;<strong><a href=\"https:\/\/folhagospel.com\/andressa-urach-revela-internacao-em-clinica-psiquiatrica-e-culpa-a-igreja-universal\/\" target=\"_blank\" rel=\"noreferrer noopener\">havia sido internada, por oito dias, em uma cl\u00ednica psiqui\u00e1trica<\/a><\/strong>&nbsp;em\nPorto Alegre (RS), Andressa anunciou o&nbsp;<strong><a href=\"https:\/\/folhagospel.com\/gravida-andressa-urach-anuncia-fim-de-seu-casamento\/\" target=\"_blank\" rel=\"noreferrer noopener\">fim do seu casamento<\/a><\/strong>&nbsp;e alguns dias\nap\u00f3s, avisou que, mesmo gr\u00e1vida,&nbsp;<strong><a href=\"https:\/\/folhagospel.com\/andressa-urach-anuncia-volta-a-prostituicao-e-acusa-ex-marido-que-se-defende\/\" target=\"_blank\" rel=\"noreferrer noopener\">estava voltando para a prostitui\u00e7\u00e3o<\/a><\/strong>&nbsp;e\nque iria se apresentar em uma boate, o que acabou n\u00e3o acontecendo, pois seu\nmarido chamou a pol\u00edcia para retir\u00e1-la da boate.<\/p>\n\n\n\n<p>No in\u00edcio de outubro, ap\u00f3s um\nsetembro conturbado, Urach usou as redes sociais para postar uma foto&nbsp;<strong><a href=\"https:\/\/folhagospel.com\/andressa-urach-e-thiago-lopes-reatam-o-casamento-decidimos-lutar-pela-nossa-familia\/\" target=\"_blank\" rel=\"noreferrer noopener\">ap\u00f3s se reconciliar com o marido<\/a><\/strong>.<\/p>\n\n\n\n<p>Em seus perfis no Instagram, os dois\nanunciaram que conversaram e que resolveram reatar o casamento.<\/p>\n\n\n\n<p><strong>Folha Gospel com informa\u00e7\u00f5es de UOL<\/strong><\/p>\n","protected":false},"excerpt":{"rendered":"<p>Poucas semanas ap\u00f3s dizer que reatou o casamento com Thiago Lopes, Andressa Urach anunciou agora que voltou a frequentar a Igreja Universal do Reino de Deus junto a seu marido. Em uma longa publica\u00e7\u00e3o no Instagram, Urach informou seus seguidores que ambos foram novamente batizados. \u201cOntem foi um dia muito especial, pois eu e meu [&hellip;]<\/p>\n","protected":false},"author":2,"featured_media":9633,"comment_status":"open","ping_status":"open","sticky":false,"template":"","format":"standard","meta":[],"categories":[17,5],"tags":[],"_links":{"self":[{"href":"https:\/\/dgospel.com.br\/portal\/index.php\/wp-json\/wp\/v2\/posts\/9632"}],"collection":[{"href":"https:\/\/dgospel.com.br\/portal\/index.php\/wp-json\/wp\/v2\/posts"}],"about":[{"href":"https:\/\/dgospel.com.br\/portal\/index.php\/wp-json\/wp\/v2\/types\/post"}],"author":[{"embeddable":true,"href":"https:\/\/dgospel.com.br\/portal\/index.php\/wp-json\/wp\/v2\/users\/2"}],"replies":[{"embeddable":true,"href":"https:\/\/dgospel.com.br\/portal\/index.php\/wp-json\/wp\/v2\/comments?post=9632"}],"version-history":[{"count":1,"href":"https:\/\/dgospel.com.br\/portal\/index.php\/wp-json\/wp\/v2\/posts\/9632\/revisions"}],"predecessor-version":[{"id":9634,"href":"https:\/\/dgospel.com.br\/portal\/index.php\/wp-json\/wp\/v2\/posts\/9632\/revisions\/9634"}],"wp:featuredmedia":[{"embeddable":true,"href":"https:\/\/dgospel.com.br\/portal\/index.php\/wp-json\/wp\/v2\/media\/9633"}],"wp:attachment":[{"href":"https:\/\/dgospel.com.br\/portal\/index.php\/wp-json\/wp\/v2\/media?parent=9632"}],"wp:term":[{"taxonomy":"category","embeddable":true,"href":"https:\/\/dgospel.com.br\/portal\/index.php\/wp-json\/wp\/v2\/categories?post=9632"},{"taxonomy":"post_tag","embeddable":true,"href":"https:\/\/dgospel.com.br\/portal\/index.php\/wp-json\/wp\/v2\/tags?post=9632"}],"curies":[{"name":"wp","href":"https:\/\/api.w.org\/{rel}","templated":true}]}}