{"id":9638,"date":"2021-10-20T09:44:53","date_gmt":"2021-10-20T12:44:53","guid":{"rendered":"http:\/\/dgospel.com.br\/portal\/?p=9638"},"modified":"2021-10-20T10:17:31","modified_gmt":"2021-10-20T13:17:31","slug":"stj-determina-afastamento-do-governador-do-tocantins-mauro-carlesse-por-6-meses","status":"publish","type":"post","link":"https:\/\/dgospel.com.br\/portal\/index.php\/2021\/10\/20\/stj-determina-afastamento-do-governador-do-tocantins-mauro-carlesse-por-6-meses\/","title":{"rendered":"STJ determina afastamento do governador do Tocantins Mauro Carlesse por 6 meses"},"content":{"rendered":"\n<p>\n\nO Superior Tribunal de Justi\u00e7a (STJ) determinou o afastamento do governador do Tocantins, Mauro Carlesse (PSL), por 6 meses, em uma investiga\u00e7\u00e3o sobre suposto pagamento de propina e obstru\u00e7\u00e3o de investiga\u00e7\u00f5es. A decis\u00e3o de afastamento do governador \u00e9 do ministro Mauro Luiz Campbell e ser\u00e1 submetida ao pleno da Corte do STJ, que pode mant\u00ea-la ou revog\u00e1-la, ainda nesta quarta-feira (20).\n\n<\/p>\n\n\n\n<figure class=\"wp-block-image\"><img src=\"https:\/\/s2.glbimg.com\/pcvuBuYN8UZu94pnD8hhPi61g0g=\/113x0:1428x901\/984x0\/smart\/filters:strip_icc()\/i.s3.glbimg.com\/v1\/AUTH_59edd422c0c84a879bd37670ae4f538a\/internal_photos\/bs\/2021\/t\/1\/gGq7JuS2mB252rWeTJkA\/whatsapp-image-2021-10-20-at-09.13.01.jpeg\" alt=\"Carros foram apreendidos na casa do governador Mauro Carlesse \u2014 Foto: Ana Paula Rehbain\/TV Anhanguera\"\/><\/figure>\n\n\n\n<p>Carros foram apreendidos na casa do governador Mauro Carlesse \u2014 Foto: Ana Paula Rehbain\/TV Anhanguera<\/p>\n\n\n\n\n\n<p>O\u00a0<a href=\"http:\/\/g1.globo.com\/\">g1<\/a>\u00a0procurou a assessoria e a defesa de Mauro Carlesse por volta das 7h15 e aguarda posicionamento. O Pal\u00e1cio Araguaia informou que n\u00e3o sabe se o governador foi notificado da decis\u00e3o de seu afastamento.<\/p>\n\n\n\n<figure class=\"wp-block-image\"><img src=\"https:\/\/s2.glbimg.com\/9y8B07SvrciKgDtRNXltjFjo56k=\/0x0:1000x600\/984x0\/smart\/filters:strip_icc()\/i.s3.glbimg.com\/v1\/AUTH_59edd422c0c84a879bd37670ae4f538a\/internal_photos\/bs\/2021\/b\/0\/QBJyA4R1aS0ZrTAZ31xA\/f1-gov-reune-com-comite-de-crise-foto-esequias-araujo-1-.jpg\" alt=\"Governador Mauro Carlesse durante confer\u00eancia \u2014 Foto: Esequias Ara\u00fajo\/Governo do Tocantins\/ Divulga\u00e7\u00e3o\"\/><\/figure>\n\n\n\n<p>Governador Mauro Carlesse durante confer\u00eancia \u2014 Foto: Esequias Ara\u00fajo\/Governo do Tocantins\/ Divulga\u00e7\u00e3o<\/p>\n\n\n\n\n\n<p>A Pol\u00edcia Federal faz buscas na casa de Carlesse e na sede do governo do Tocantins. Foram apreendidos dois ve\u00edculos do governador e levados para a sede da PF em Palmas.<\/p>\n\n\n\n<p>Al\u00e9m do governador, tamb\u00e9m h\u00e1 mandados de busca e apreens\u00e3o contra secret\u00e1rios estaduais, dentre eles Cristiano Sampaio, titular da Secretaria de Seguran\u00e7a P\u00fablica do Tocantins (SSP), que tamb\u00e9m teve seu afastamento do cargo determinado pelo STJ. O&nbsp;<a href=\"http:\/\/g1.globo.com\/\">g1<\/a>&nbsp;procurou a pasta e aguarda posicionamento.<\/p>\n\n\n\n<figure class=\"wp-block-image\"><img src=\"https:\/\/s2.glbimg.com\/4PVHyYhJiBOrji-3EasLS7qQPDk=\/0x0:1600x901\/984x0\/smart\/filters:strip_icc()\/i.s3.glbimg.com\/v1\/AUTH_59edd422c0c84a879bd37670ae4f538a\/internal_photos\/bs\/2021\/9\/6\/C7fgKSRZqtYpEayFWAaw\/whatsapp-image-2021-10-20-at-07.03.59.jpeg\" alt=\"Pol\u00edcia Federal cumpre mandados na casa do governador do Tocantins \u2014 Foto: Ana Paula Rehbein\/TV Anhanguera\"\/><\/figure>\n\n\n\n<p>Pol\u00edcia Federal cumpre mandados na casa do governador do Tocantins \u2014 Foto: Ana Paula Rehbein\/TV Anhanguera<\/p>\n\n\n\n<figure class=\"wp-block-image\"><img src=\"https:\/\/s2.glbimg.com\/Ti8mPnHJcS4IWsE-ABDJwLrHglE=\/0x0:1600x900\/984x0\/smart\/filters:strip_icc()\/i.s3.glbimg.com\/v1\/AUTH_59edd422c0c84a879bd37670ae4f538a\/internal_photos\/bs\/2021\/W\/k\/b8Nct8TcqEQBpCMHUoqg\/whatsapp-image-2021-10-20-at-08.02.37.jpeg\" alt=\"Pol\u00edcia Federal cumpre mandados de busca na Secretaria de Seguran\u00e7a P\u00fablica do Tocantins \u2014 Foto: Bet\u00e2nia Sousa\/TV Anhanguera\"\/><\/figure>\n\n\n\n<p>Pol\u00edcia Federal cumpre mandados de busca na Secretaria de Seguran\u00e7a P\u00fablica do Tocantins \u2014 Foto: Bet\u00e2nia Sousa\/TV Anhanguera<\/p>\n\n\n\n<p>Segundo a PF, as buscas fazem parte de duas opera\u00e7\u00f5es complementares que investigam pagamento de propina relacionada ao plano de sa\u00fade dos servidores estaduais e obstru\u00e7\u00e3o de investiga\u00e7\u00f5es, al\u00e9m de incorpora\u00e7\u00e3o de recursos p\u00fablicos desviados ao patrim\u00f4nio dos investigados.<\/p>\n\n\n\n\n\n<p>Conforme apura\u00e7\u00e3o da\u00a0<strong>TV Anhanguera<\/strong>, a investiga\u00e7\u00e3o, at\u00e9 o presente momento, estima que cerca de R$ 44 milh\u00f5es de reais tenham sido pagos a t\u00edtulo de vantagens indevidas. Os valores podem ser maiores, j\u00e1 que a participa\u00e7\u00e3o de outras empresas no esquema ainda est\u00e1 sendo investigada.<\/p>\n\n\n\n<p>Segundo nota da Pol\u00edcia Federal, as investiga\u00e7\u00f5es come\u00e7aram h\u00e1 cerca de dois anos e &#8220;reuniram um vasto conjunto de elementos que demonstram um complexo aparelhamento da estrutura estatal voltado a permitir a continuidade de diversos esquemas criminosos comandados pelos principais investigados&#8221;. A PF tamb\u00e9m informou que as equipes chegaram a Palmas em um avi\u00e3o da FAB para evitar vazamento de informa\u00e7\u00f5es.<\/p>\n\n\n\n<h2>\u00c9ris e Hygea<\/h2>\n\n\n\n<p>As investiga\u00e7\u00f5es que resultaram na determina\u00e7\u00e3o de afastamento do governador Mauro Calesse pelo STJ s\u00e3o resultado de duas opera\u00e7\u00f5es da PF, chamadas \u00c9ris e Hygea.<\/p>\n\n\n\n<p>O foco da opera\u00e7\u00e3o \u00c9ris \u00e9 desarticular o bra\u00e7o da organiza\u00e7\u00e3o criminosa na Secretaria de Seguran\u00e7a P\u00fablica, suspeito de obstruir investiga\u00e7\u00f5es e vazar informa\u00e7\u00f5es aos investigados, enquanto a Hygea busca desmantelar esquema de pagamentos de vantagens indevidas relacionadas ao Plansa\u00fade, plano de sa\u00fade dos servidores estaduais, e a estrutura montada para a lavagem de dinheiro e incorpora\u00e7\u00e3o dos recursos p\u00fablicos desviados ao patrim\u00f4nio dos investigados.<\/p>\n\n\n\n<p>Em nota, a PF informou que, segundo as investiga\u00e7\u00f5es, \u201co governo estadual removeu indevidamente delegados respons\u00e1veis por inqu\u00e9ritos de combate \u00e0 corrup\u00e7\u00e3o conforme as apura\u00e7\u00f5es avan\u00e7avam e mencionavam expressamente membros da c\u00fapula do Estado. H\u00e1 ainda fortes evid\u00eancias da produ\u00e7\u00e3o coordenada de documentos falsos para manuten\u00e7\u00e3o dos interesses da organiza\u00e7\u00e3o criminosa.\u201d<\/p>\n\n\n\n<h2>\u2018Lei da morda\u00e7a\u2019<\/h2>\n\n\n\n<p>A Pol\u00edcia Federal ainda n\u00e3o detalhou as irregularidades que levaram \u00e0 decis\u00e3o do afastamento de Mauro Carlesse do governo estadual. Em 2019, o governador assinou um&nbsp;<a href=\"https:\/\/g1.globo.com\/to\/tocantins\/noticia\/2019\/03\/12\/delegados-repercutem-decreto-que-proibe-criticas-e-limita-entrevistas-lei-da-mordaca.ghtml\">decreto que ficou conhecido como &#8220;lei da morda\u00e7a&#8221;<\/a>, que pro\u00edbe delegados da Pol\u00edcia Civil de criticar autoridades p\u00fablicas em entrevistas ou divulgar nomes de pessoas investigadas em opera\u00e7\u00f5es policiais.<\/p>\n\n\n\n<p>A medida foi tomada ap\u00f3s\u00a0<a href=\"https:\/\/g1.globo.com\/to\/tocantins\/noticia\/2019\/01\/28\/delegado-geral-do-tocantins-revoga-forca-tarefa-que-investigava-escandalo-dos-funcionarios-fantasmas.ghtml\">uma s\u00e9rie de atritos entre a Pol\u00edcia Civil do estado e o Pal\u00e1cio Araguaia<\/a>. O conflito come\u00e7ou ap\u00f3s o governo\u00a0<a href=\"https:\/\/g1.globo.com\/to\/tocantins\/noticia\/2018\/11\/17\/apos-investigacoes-envolvendo-politicos-governo-exonera-delegados-regionais.ghtml\">exonerar delegados que investigavam pol\u00edticos pr\u00f3ximos ao governador<\/a>\u00a0de cargos em delegacias regionais.<\/p>\n\n\n\n<p>Fonte: g1\nTocantins<\/p>\n\n\n\n<p><br><\/p>\n","protected":false},"excerpt":{"rendered":"<p>O Superior Tribunal de Justi\u00e7a (STJ) determinou o afastamento do governador do Tocantins, Mauro Carlesse (PSL), por 6 meses, em uma investiga\u00e7\u00e3o sobre suposto pagamento de propina e obstru\u00e7\u00e3o de investiga\u00e7\u00f5es. A decis\u00e3o de afastamento do governador \u00e9 do ministro Mauro Luiz Campbell e ser\u00e1 submetida ao pleno da Corte do STJ, que pode mant\u00ea-la [&hellip;]<\/p>\n","protected":false},"author":2,"featured_media":9526,"comment_status":"open","ping_status":"open","sticky":false,"template":"","format":"standard","meta":[],"categories":[4],"tags":[13],"_links":{"self":[{"href":"https:\/\/dgospel.com.br\/portal\/index.php\/wp-json\/wp\/v2\/posts\/9638"}],"collection":[{"href":"https:\/\/dgospel.com.br\/portal\/index.php\/wp-json\/wp\/v2\/posts"}],"about":[{"href":"https:\/\/dgospel.com.br\/portal\/index.php\/wp-json\/wp\/v2\/types\/post"}],"author":[{"embeddable":true,"href":"https:\/\/dgospel.com.br\/portal\/index.php\/wp-json\/wp\/v2\/users\/2"}],"replies":[{"embeddable":true,"href":"https:\/\/dgospel.com.br\/portal\/index.php\/wp-json\/wp\/v2\/comments?post=9638"}],"version-history":[{"count":1,"href":"https:\/\/dgospel.com.br\/portal\/index.php\/wp-json\/wp\/v2\/posts\/9638\/revisions"}],"predecessor-version":[{"id":9640,"href":"https:\/\/dgospel.com.br\/portal\/index.php\/wp-json\/wp\/v2\/posts\/9638\/revisions\/9640"}],"wp:featuredmedia":[{"embeddable":true,"href":"https:\/\/dgospel.com.br\/portal\/index.php\/wp-json\/wp\/v2\/media\/9526"}],"wp:attachment":[{"href":"https:\/\/dgospel.com.br\/portal\/index.php\/wp-json\/wp\/v2\/media?parent=9638"}],"wp:term":[{"taxonomy":"category","embeddable":true,"href":"https:\/\/dgospel.com.br\/portal\/index.php\/wp-json\/wp\/v2\/categories?post=9638"},{"taxonomy":"post_tag","embeddable":true,"href":"https:\/\/dgospel.com.br\/portal\/index.php\/wp-json\/wp\/v2\/tags?post=9638"}],"curies":[{"name":"wp","href":"https:\/\/api.w.org\/{rel}","templated":true}]}}