{"id":9641,"date":"2021-10-20T13:10:32","date_gmt":"2021-10-20T16:10:32","guid":{"rendered":"http:\/\/dgospel.com.br\/portal\/?p=9641"},"modified":"2021-10-20T13:10:33","modified_gmt":"2021-10-20T16:10:33","slug":"vice-governador-wanderley-barbosa-assume-interinamente-o-governo-do-tocantins-apos-carlesse-ser-afastado","status":"publish","type":"post","link":"https:\/\/dgospel.com.br\/portal\/index.php\/2021\/10\/20\/vice-governador-wanderley-barbosa-assume-interinamente-o-governo-do-tocantins-apos-carlesse-ser-afastado\/","title":{"rendered":"Vice-governador Wanderley Barbosa assume interinamente o governo do Tocantins ap\u00f3s Carlesse ser afastado"},"content":{"rendered":"\n<p>O vice-governador Wanderley Barbosa (sem partido) assumiu interinamente o governo do Tocantins. Ele fica no cargo enquanto&nbsp;<a href=\"https:\/\/g1.globo.com\/to\/tocantins\/noticia\/2021\/10\/20\/policia-federal-cumpre-mandados-de-busca-na-casa-de-mauro-carlesse-governador-do-tocantins.ghtml\">o governador Mauro Carlesse (PSL) estiver afastado<\/a>, o que pode durar at\u00e9 seis meses.<\/p>\n\n\n\n<p>A decis\u00e3o de afastamento, divulgada nesta quarta-feira (20), foi tomada pelo ministro Mauro Campbell, do Superior Tribunal de Justi\u00e7a (STJ) e ser\u00e1 submetida ao pleno da Corte, que pode mant\u00ea-la ou revog\u00e1-la.<\/p>\n\n\n\n<p>As investiga\u00e7\u00f5es que levaram a essa decis\u00e3o fazem parte de um inqu\u00e9rito aberto pela Pol\u00edcia Federal h\u00e1 dois anos e que culminou em duas opera\u00e7\u00f5es realizadas no Tocantins nesta manh\u00e3. O objetivo \u00e9 apurar o pagamento de propina relacionada ao plano de sa\u00fade dos servidores estaduais e obstru\u00e7\u00e3o de investiga\u00e7\u00f5es, al\u00e9m de incorpora\u00e7\u00e3o de recursos p\u00fablicos desviados ao patrim\u00f4nio dos investigados&nbsp;<strong>(leia mais abaixo).<\/strong><\/p>\n\n\n\n<p>A TV Anhanguera apurou que no fim desta manh\u00e3 o vice governador foi empossado na sede da Procuradoria Geral do Estado, logo depois de ser intimado &#8211; tomando conhecimento oficial &#8211; por agentes da Pol\u00edcia Federal das ordens do Ministro Campbell.<\/p>\n\n\n\n<figure class=\"wp-block-image\"><img src=\"https:\/\/s2.glbimg.com\/MgtwCVSrTmpuFwGITDu-ZCI07-Q=\/0x0:1000x600\/984x0\/smart\/filters:strip_icc()\/i.s3.glbimg.com\/v1\/AUTH_59edd422c0c84a879bd37670ae4f538a\/internal_photos\/bs\/2019\/q\/n\/1ppKPYSwuJ6WliHH0Idg\/gov-carlesse-e-o-vice-wanderlei-foto-washington-luiz-1-.jpg\" alt=\"Vice-governador Wanderlei Barbosa (\u00e0 esq) assume interinamente comando do Pal\u00e1cio Araguaia \u2014 Foto: Andr\u00e9ia Reis\/Governo do Tocantins\"\/><\/figure>\n\n\n\n<p>Vice-governador Wanderlei Barbosa (\u00e0 esq) assume interinamente comando do Pal\u00e1cio Araguaia \u2014 Foto: Andr\u00e9ia Reis\/Governo do Tocantins<\/p>\n\n\n\n<h2>Conhe\u00e7a Wanderlei Barbosa<\/h2>\n\n\n\n<p>Wanderlei tem 57 anos e \u00e9 natural de Porto Nacional. Ele come\u00e7ou a carreira pol\u00edtica em 1989, quando se elegeu vereador pelo munic\u00edpio em que nasceu. Em 1996 migrou para a capital e se elegeu vereador por Palmas, cargo que ocupou por mandatos sucessivos at\u00e9 2010, chegando a presidir a c\u00e2mara municipal por quatro anos.<\/p>\n\n\n\n<p>Em 2010 se elegeu para o primeiro de dois mandatos como deputado estadual. Ele permaneceu nesta fun\u00e7\u00e3o at\u00e9 2018, quando se afastou para disputar a elei\u00e7\u00e3o suplementar ao lado de Carlesse como vice-governador na chapa que acabou vencedora. A disputa foi convocada por causa da cassa\u00e7\u00e3o de Marcelo Miranda e Claudia Lelis dos cargos de governador e vice.<\/p>\n\n\n\n<p>Wanderlei \u00e9 casado com Blandina Vieira Leite Castro e pai de Ygor Leonardo Castro Leite, R\u00e9rison Antonio Castro&nbsp;Leite e Rosa Maria Castro&nbsp;Leite.<\/p>\n\n\n\n<p>Um dos filhos, R\u00e9rison Antonio, foi nomeado presidente da Ag\u00eancia de Metrologia do Tocantins em 2019 e segue ocupando o cargo.<\/p>\n\n\n\n<p>Ao longo dos \u00faltimos anos, Wanderlei Barbosa trabalhou em sintonia com o governador Mauro Carlesse. Ele foi escolhido para encabe\u00e7ar a\u00e7\u00f5es como o combate \u00e0 queimadas no \u00faltimo per\u00edodo de estiagem, representou o governo em entregas de obras e tamb\u00e9m em reuni\u00f5es a que o governador n\u00e3o pode comparecer. Como Carlesse n\u00e3o poderia disputar a reelei\u00e7\u00e3o, Wanderlei \u00e9 visto como um dos principais pr\u00e9-candidatos a sucess\u00e3o dele no comando do Poder Executivo.<\/p>\n\n\n\n<h2>Opera\u00e7\u00e3o da Pol\u00edcia Federal<\/h2>\n\n\n\n<p>As investiga\u00e7\u00f5es que resultaram na determina\u00e7\u00e3o de afastamento do governador Mauro Calesse pelo STJ s\u00e3o resultado de duas opera\u00e7\u00f5es da PF, chamadas \u00c9ris e Hygea.<\/p>\n\n\n\n<p>O foco da opera\u00e7\u00e3o \u00c9ris \u00e9 desarticular o bra\u00e7o da organiza\u00e7\u00e3o criminosa na Secretaria de Seguran\u00e7a P\u00fablica, suspeito de obstruir investiga\u00e7\u00f5es e vazar informa\u00e7\u00f5es aos investigados, enquanto a Hygea busca desmantelar esquema de pagamentos de vantagens indevidas relacionadas ao Plansa\u00fade, plano de sa\u00fade dos servidores estaduais.<\/p>\n\n\n\n<p>Em nota, a PF informou que, segundo as investiga\u00e7\u00f5es, \u201co governo estadual removeu indevidamente delegados respons\u00e1veis por inqu\u00e9ritos de combate \u00e0 corrup\u00e7\u00e3o conforme as apura\u00e7\u00f5es avan\u00e7avam e mencionavam expressamente membros da c\u00fapula do Estado. H\u00e1 ainda fortes evid\u00eancias da produ\u00e7\u00e3o coordenada de documentos falsos para manuten\u00e7\u00e3o dos interesses da organiza\u00e7\u00e3o criminosa.\u201d<\/p>\n\n\n\n<p>Conforme apura\u00e7\u00e3o da TV Anhanguera, a investiga\u00e7\u00e3o, at\u00e9 o presente momento, estima que cerca de R$ 44 milh\u00f5es de reais tenham sido pagos a t\u00edtulo de vantagens indevidas. Os valores podem ser maiores, j\u00e1 que a participa\u00e7\u00e3o de outras empresas no esquema ainda est\u00e1 sendo investigada.<\/p>\n\n\n\n<p>Segundo nota da Pol\u00edcia Federal, as investiga\u00e7\u00f5es come\u00e7aram h\u00e1 cerca de dois anos e &#8220;reuniram um vasto conjunto de elementos que demonstram um complexo aparelhamento da estrutura estatal voltado a permitir a continuidade de diversos esquemas criminosos comandados pelos principais investigados&#8221;.<\/p>\n\n\n\n<p>Fonte:  <strong>g1 Tocantins<\/strong> <\/p>\n","protected":false},"excerpt":{"rendered":"<p>O vice-governador Wanderley Barbosa (sem partido) assumiu interinamente o governo do Tocantins. Ele fica no cargo enquanto&nbsp;o governador Mauro Carlesse (PSL) estiver afastado, o que pode durar at\u00e9 seis meses. A decis\u00e3o de afastamento, divulgada nesta quarta-feira (20), foi tomada pelo ministro Mauro Campbell, do Superior Tribunal de Justi\u00e7a (STJ) e ser\u00e1 submetida ao pleno [&hellip;]<\/p>\n","protected":false},"author":2,"featured_media":9642,"comment_status":"open","ping_status":"open","sticky":false,"template":"","format":"standard","meta":[],"categories":[4],"tags":[13],"_links":{"self":[{"href":"https:\/\/dgospel.com.br\/portal\/index.php\/wp-json\/wp\/v2\/posts\/9641"}],"collection":[{"href":"https:\/\/dgospel.com.br\/portal\/index.php\/wp-json\/wp\/v2\/posts"}],"about":[{"href":"https:\/\/dgospel.com.br\/portal\/index.php\/wp-json\/wp\/v2\/types\/post"}],"author":[{"embeddable":true,"href":"https:\/\/dgospel.com.br\/portal\/index.php\/wp-json\/wp\/v2\/users\/2"}],"replies":[{"embeddable":true,"href":"https:\/\/dgospel.com.br\/portal\/index.php\/wp-json\/wp\/v2\/comments?post=9641"}],"version-history":[{"count":1,"href":"https:\/\/dgospel.com.br\/portal\/index.php\/wp-json\/wp\/v2\/posts\/9641\/revisions"}],"predecessor-version":[{"id":9643,"href":"https:\/\/dgospel.com.br\/portal\/index.php\/wp-json\/wp\/v2\/posts\/9641\/revisions\/9643"}],"wp:featuredmedia":[{"embeddable":true,"href":"https:\/\/dgospel.com.br\/portal\/index.php\/wp-json\/wp\/v2\/media\/9642"}],"wp:attachment":[{"href":"https:\/\/dgospel.com.br\/portal\/index.php\/wp-json\/wp\/v2\/media?parent=9641"}],"wp:term":[{"taxonomy":"category","embeddable":true,"href":"https:\/\/dgospel.com.br\/portal\/index.php\/wp-json\/wp\/v2\/categories?post=9641"},{"taxonomy":"post_tag","embeddable":true,"href":"https:\/\/dgospel.com.br\/portal\/index.php\/wp-json\/wp\/v2\/tags?post=9641"}],"curies":[{"name":"wp","href":"https:\/\/api.w.org\/{rel}","templated":true}]}}