{"id":9644,"date":"2021-10-21T15:54:15","date_gmt":"2021-10-21T18:54:15","guid":{"rendered":"http:\/\/dgospel.com.br\/portal\/?p=9644"},"modified":"2021-10-21T15:54:17","modified_gmt":"2021-10-21T18:54:17","slug":"manteremos-os-compromissos-com-os-servidores-e-com-o-equilibrio-fiscal-do-estado-afirma-o-governador-em-exercicio-wanderlei-barbosa","status":"publish","type":"post","link":"https:\/\/dgospel.com.br\/portal\/index.php\/2021\/10\/21\/manteremos-os-compromissos-com-os-servidores-e-com-o-equilibrio-fiscal-do-estado-afirma-o-governador-em-exercicio-wanderlei-barbosa\/","title":{"rendered":"&#8220;Manteremos os compromissos com os servidores e com o equil\u00edbrio fiscal do Estado\u201d, afirma o governador em exerc\u00edcio Wanderlei Barbosa"},"content":{"rendered":"\n<p>&#8220;A minha cabe\u00e7a est\u00e1 focada em trabalhar para manter nosso compromisso com o funcionalismo p\u00fablico, com o equil\u00edbrio fiscal e com o nosso dever de atender bem a popula\u00e7\u00e3o, porque foi para isso que fomos eleitos\u201d, afirmou o governador do Estado do Tocantins, em exerc\u00edcio, Wanderlei Barbosa, na manh\u00e3 desta quinta-feira, 21, durante coletiva de imprensa realizada no Pal\u00e1cio Araguaia.&nbsp;<\/p>\n\n\n\n<p>Al\u00e9m do compromisso com os servidores, o governador Wanderlei Barbosa destacou que tamb\u00e9m dar\u00e1 continuidade a projetos importantes para a popula\u00e7\u00e3o tocantinense, como o&nbsp;<em>Tocando em Frente<\/em>. \u201cAs pol\u00edticas em execu\u00e7\u00e3o foram pensadas por uma equipe t\u00e9cnica competente, os projetos que est\u00e3o em andamento, como o&nbsp;<em>Tocando em Frente<\/em>, ser\u00e3o mantidos. N\u00f3s continuaremos a prestar um servi\u00e7o relevante, porque foi esse compromisso que assumi quando fui eleito, o de fazer o melhor para o Estado, independentemente do momento&#8221;, frisou.<\/p>\n\n\n\n<p>Com o programa&nbsp;<em>Tocando em Frente<\/em>, todos os 139 munic\u00edpios est\u00e3o sendo beneficiados. At\u00e9 o final de 2022, os investimentos ser\u00e3o de mais de R$ 2,9 bilh\u00f5es. J\u00e1 foram contemplados com Ordens de Servi\u00e7os para infraestrutura das vias urbanas, 20 munic\u00edpios da regi\u00e3o sul do Tocantins.<\/p>\n\n\n\n<p>Outro exemplo de importante programa do Governo do Tocantins, \u00e9 o&nbsp;<em>TO Mais Jovem<\/em>, que via inserir mais de 5 mil jovens, de 16 a 21 anos, no mercado de trabalho por meio de atividades laborais exercidas nos \u00f3rg\u00e3os que comp\u00f5em a Administra\u00e7\u00e3o Direta e Indireta da Gest\u00e3o Estadual.&nbsp;<\/p>\n\n\n\n<p>\u201cTodos os projetos do Governo t\u00eam um planejamento e, dentro desse planejamento, n\u00f3s colocaremos em pr\u00e1tica esse projeto do&nbsp;<em>TO Mais Jovem<\/em>, como tamb\u00e9m continuaremos com a compra de cestas b\u00e1sicas, kit de alimentos para os alunos da rede estadual de ensino, kits rurais com o Ruraltins [Instituto de Desenvolvimento Rural do Tocantins] e tudo aquilo que pudermos fazer para a popula\u00e7\u00e3o nesse momento de crise causado pela pandemia, n\u00f3s faremos\u201d, enfatizou o governador em exerc\u00edcio, Wanderlei Barbosa.&nbsp;&nbsp;<\/p>\n\n\n\n<p><strong>Seguran\u00e7a Jur\u00eddica<\/strong><\/p>\n\n\n\n<p>Durante a coletiva de imprensa, o Governador em exerc\u00edcio ressaltou que seguran\u00e7a jur\u00eddica \u00e9 uma marca da Gest\u00e3o e que o Governo est\u00e1 empenhado em mant\u00ea-la. \u201cOs conv\u00eanios que estavam em atraso n\u00f3s recuperamos para poder fazer novos investimentos, como por exemplo em rodovias, que s\u00e3o importantes para o escoamento das nossas produ\u00e7\u00f5es. Este \u00e9 um Governo de realiza\u00e7\u00f5es e eu farei, junto com secret\u00e1rios e deputados, uma discuss\u00e3o ampla sobre todos os setores que n\u00f3s precisamos crescer\u201d, refor\u00e7ou o Governador.&nbsp;<\/p>\n\n\n\n<p>Uma pol\u00edtica fiscal de austeridade, com respeito ao empres\u00e1rio, tamb\u00e9m foi citada pelo governador em exerc\u00edcio, Wanderlei Barbosa, como a\u00e7\u00f5es que far\u00e3o parte da sua Gest\u00e3o durante o tempo em que estiver no Governo. \u201cN\u00f3s queremos constituir um ambiente saud\u00e1vel para o desenvolvimento dos setores produtivos, mas ainda temos muita coisa para fazer&#8221;, afirmou.<\/p>\n\n\n\n<p><strong>Secretariado e funcionalismo p\u00fablico&nbsp;<\/strong><\/p>\n\n\n\n<p>\u201cNo momento eu n\u00e3o penso em mudan\u00e7as. Nossos secret\u00e1rios est\u00e3o sendo coerentes na presta\u00e7\u00e3o do servi\u00e7o, n\u00f3s temos um Governo de coes\u00e3o e de respeito m\u00fatuo. O que faremos ser\u00e1 um trabalho de fortalecimento das nossas a\u00e7\u00f5es\u201d, respondeu o governador em exerc\u00edcio Wanderlei Barbosa quanto aos questionamentos sobre poss\u00edveis mudan\u00e7as no secretariado Estadual.&nbsp;<\/p>\n\n\n\n<p>Sobre o funcionalismo p\u00fablico, o governador em exerc\u00edcio, Wanderlei Barbosa, frisou que a agenda em curso tamb\u00e9m ser\u00e1 seguida. \u201cOs servidores p\u00fablicos podem ficar tranquilos que n\u00f3s tamb\u00e9m manteremos a agenda de trabalho de recupera\u00e7\u00e3o das suas carreiras que foram reprimidas por conta da pandemia\u201d, finalizou.<\/p>\n\n\n\n<figure class=\"wp-block-image\"><img src=\"https:\/\/central.to.gov.br\/image\/267186?w=565&amp;h=349\" alt=\"\"\/><\/figure>\n\n\n\n<p>Governador em exerc\u00edcio Wanderlei Barbosa concede primeira entrevista coletiva &#8211; Washington Luiz\/Governo do Tocantins<br><\/p>\n","protected":false},"excerpt":{"rendered":"<p>&#8220;A minha cabe\u00e7a est\u00e1 focada em trabalhar para manter nosso compromisso com o funcionalismo p\u00fablico, com o equil\u00edbrio fiscal e com o nosso dever de atender bem a popula\u00e7\u00e3o, porque foi para isso que fomos eleitos\u201d, afirmou o governador do Estado do Tocantins, em exerc\u00edcio, Wanderlei Barbosa, na manh\u00e3 desta quinta-feira, 21, durante coletiva de [&hellip;]<\/p>\n","protected":false},"author":2,"featured_media":9645,"comment_status":"open","ping_status":"open","sticky":false,"template":"","format":"standard","meta":[],"categories":[4],"tags":[13],"_links":{"self":[{"href":"https:\/\/dgospel.com.br\/portal\/index.php\/wp-json\/wp\/v2\/posts\/9644"}],"collection":[{"href":"https:\/\/dgospel.com.br\/portal\/index.php\/wp-json\/wp\/v2\/posts"}],"about":[{"href":"https:\/\/dgospel.com.br\/portal\/index.php\/wp-json\/wp\/v2\/types\/post"}],"author":[{"embeddable":true,"href":"https:\/\/dgospel.com.br\/portal\/index.php\/wp-json\/wp\/v2\/users\/2"}],"replies":[{"embeddable":true,"href":"https:\/\/dgospel.com.br\/portal\/index.php\/wp-json\/wp\/v2\/comments?post=9644"}],"version-history":[{"count":1,"href":"https:\/\/dgospel.com.br\/portal\/index.php\/wp-json\/wp\/v2\/posts\/9644\/revisions"}],"predecessor-version":[{"id":9646,"href":"https:\/\/dgospel.com.br\/portal\/index.php\/wp-json\/wp\/v2\/posts\/9644\/revisions\/9646"}],"wp:featuredmedia":[{"embeddable":true,"href":"https:\/\/dgospel.com.br\/portal\/index.php\/wp-json\/wp\/v2\/media\/9645"}],"wp:attachment":[{"href":"https:\/\/dgospel.com.br\/portal\/index.php\/wp-json\/wp\/v2\/media?parent=9644"}],"wp:term":[{"taxonomy":"category","embeddable":true,"href":"https:\/\/dgospel.com.br\/portal\/index.php\/wp-json\/wp\/v2\/categories?post=9644"},{"taxonomy":"post_tag","embeddable":true,"href":"https:\/\/dgospel.com.br\/portal\/index.php\/wp-json\/wp\/v2\/tags?post=9644"}],"curies":[{"name":"wp","href":"https:\/\/api.w.org\/{rel}","templated":true}]}}