{"id":9647,"date":"2021-10-22T16:17:10","date_gmt":"2021-10-22T19:17:10","guid":{"rendered":"http:\/\/dgospel.com.br\/portal\/?p=9647"},"modified":"2021-10-22T16:17:11","modified_gmt":"2021-10-22T19:17:11","slug":"deputado-eli-borges-defende-legitimidade-crista-e-pressiona-senado-por-sabatina-de-andre-mendonca","status":"publish","type":"post","link":"https:\/\/dgospel.com.br\/portal\/index.php\/2021\/10\/22\/deputado-eli-borges-defende-legitimidade-crista-e-pressiona-senado-por-sabatina-de-andre-mendonca\/","title":{"rendered":"Deputado Eli Borges defende legitimidade crist\u00e3 e pressiona Senado por sabatina de Andr\u00e9 Mendon\u00e7a"},"content":{"rendered":"\n<p>Em discurso no Plen\u00e1rio da C\u00e2mara, o deputado federal Eli Borges (Solidariedade-TO) fez duras cr\u00edticas \u00e0 n\u00e3o realiza\u00e7\u00e3o da sabatina do ex-ministro da Justi\u00e7a, Andr\u00e9 Mendon\u00e7a, indicado ao STF, que representa um compromisso com os evang\u00e9licos e com a na\u00e7\u00e3o. O parlamentar tamb\u00e9m defendeu a legitimidade dos crist\u00e3os para atuar nos mais diversos setores da sociedade. <\/p>\n\n\n\n<p>De acordo com Eli Borges, o Poder Legislativo alimenta a pr\u00e1tica da cristofobia ao julgar o novo indicado ao STF pelo termo \u201cterrivelmente evang\u00e9lico\u201d. <\/p>\n\n\n\n<p>\u201cA indica\u00e7\u00e3o do Ministro Andr\u00e9 Mendon\u00e7a para ser um dos Ministros do STF foi feita com base no curr\u00edculo. Ser evang\u00e9lico no Brasil \u00e9 sin\u00f4nimo de incompet\u00eancia? N\u00e3o, n\u00e3o \u00e9! Ser evang\u00e9lico no Brasil n\u00e3o \u00e9 sin\u00f4nimo de parcialidade, at\u00e9 porque o hist\u00f3rico desse cidad\u00e3o \u00e9 de que ele atua no Judici\u00e1rio de forma imparcial. Ser evang\u00e9lico no Brasil n\u00e3o \u00e9 a transforma\u00e7\u00e3o do Supremo Tribunal Federal em uma igrejinha. L\u00e1 \u00e9 a casa da converg\u00eancia das leis, e ele tem consci\u00eancia, pelo que conhe\u00e7o de seu hist\u00f3rico e curr\u00edculo, vai julgar todas as causas sem perguntar de que religi\u00e3o \u00e9 o cidad\u00e3o que o procura. Ser evang\u00e9lico n\u00e3o \u00e9 sin\u00f4nimo de injusti\u00e7a\u201d, declarou o parlamentar.<\/p>\n\n\n\n<p>Eli Borges destacou que a laicidade prevista na Constitui\u00e7\u00e3o Federal deve ser respeitada como ordenamento jur\u00eddico e direcionou questionamentos ao presidente da Comiss\u00e3o de Constitui\u00e7\u00e3o e Justi\u00e7a do Senado, Davi Alcolumbre, e cobrou a realiza\u00e7\u00e3o da sabatina.<\/p>\n\n\n\n<p>\u201cEu quero fazer uma pergunta ao Senador Davi Alcolumbre, por quem eu at\u00e9 tinha uma ponta de admira\u00e7\u00e3o quando estava no comando do Senado. V.Exa. tem alguma coisa contra o segmento evang\u00e9lico? Ser evang\u00e9lico \u00e9 sin\u00f4nimo de compet\u00eancia ou de incompet\u00eancia para V.Exa.? Qual \u00e9 o objetivo de V.Exa., Senador Davi Alcolumbre, ao segurar, na Comiss\u00e3o de Constitui\u00e7\u00e3o e Justi\u00e7a do Senado, a fala do Andr\u00e9 Mendon\u00e7a como um concorrente ao Supremo Tribunal Federal? Em algum momento, torceu mais para c\u00e1 ou mais l\u00e1 pelo fato de ser religioso?\u201d, refor\u00e7ou o deputado.<\/p>\n\n\n\n<p>Nesta \u00faltima quinta-feira (21), a indica\u00e7\u00e3o de Andr\u00e9 Mendon\u00e7a, feita pelo presidente da Rep\u00fablica, Jair Bolsonaro, para ocupar uma vaga no Supremo Tribunal Federal completou 100 dias. Advogado-geral da Uni\u00e3o, Andr\u00e9 Mendon\u00e7a, foi indicado ao STF em 13 de julho. A sabatina e aprova\u00e7\u00e3o pela CCJ s\u00e3o requisitos para an\u00e1lise do indicado no Plen\u00e1rio do Senado. <\/p>\n\n\n\n<p>Com a aposentadoria de Marco Aur\u00e9lio Mello, o STF est\u00e1 com 10 ministros em sua composi\u00e7\u00e3o, o que abre espa\u00e7o para empates em vota\u00e7\u00f5es.[<\/p>\n","protected":false},"excerpt":{"rendered":"<p>Em discurso no Plen\u00e1rio da C\u00e2mara, o deputado federal Eli Borges (Solidariedade-TO) fez duras cr\u00edticas \u00e0 n\u00e3o realiza\u00e7\u00e3o da sabatina do ex-ministro da Justi\u00e7a, Andr\u00e9 Mendon\u00e7a, indicado ao STF, que representa um compromisso com os evang\u00e9licos e com a na\u00e7\u00e3o. O parlamentar tamb\u00e9m defendeu a legitimidade dos crist\u00e3os para atuar nos mais diversos setores da [&hellip;]<\/p>\n","protected":false},"author":2,"featured_media":9648,"comment_status":"open","ping_status":"open","sticky":false,"template":"","format":"standard","meta":[],"categories":[8,4],"tags":[],"_links":{"self":[{"href":"https:\/\/dgospel.com.br\/portal\/index.php\/wp-json\/wp\/v2\/posts\/9647"}],"collection":[{"href":"https:\/\/dgospel.com.br\/portal\/index.php\/wp-json\/wp\/v2\/posts"}],"about":[{"href":"https:\/\/dgospel.com.br\/portal\/index.php\/wp-json\/wp\/v2\/types\/post"}],"author":[{"embeddable":true,"href":"https:\/\/dgospel.com.br\/portal\/index.php\/wp-json\/wp\/v2\/users\/2"}],"replies":[{"embeddable":true,"href":"https:\/\/dgospel.com.br\/portal\/index.php\/wp-json\/wp\/v2\/comments?post=9647"}],"version-history":[{"count":1,"href":"https:\/\/dgospel.com.br\/portal\/index.php\/wp-json\/wp\/v2\/posts\/9647\/revisions"}],"predecessor-version":[{"id":9649,"href":"https:\/\/dgospel.com.br\/portal\/index.php\/wp-json\/wp\/v2\/posts\/9647\/revisions\/9649"}],"wp:featuredmedia":[{"embeddable":true,"href":"https:\/\/dgospel.com.br\/portal\/index.php\/wp-json\/wp\/v2\/media\/9648"}],"wp:attachment":[{"href":"https:\/\/dgospel.com.br\/portal\/index.php\/wp-json\/wp\/v2\/media?parent=9647"}],"wp:term":[{"taxonomy":"category","embeddable":true,"href":"https:\/\/dgospel.com.br\/portal\/index.php\/wp-json\/wp\/v2\/categories?post=9647"},{"taxonomy":"post_tag","embeddable":true,"href":"https:\/\/dgospel.com.br\/portal\/index.php\/wp-json\/wp\/v2\/tags?post=9647"}],"curies":[{"name":"wp","href":"https:\/\/api.w.org\/{rel}","templated":true}]}}