{"id":9650,"date":"2021-10-22T16:23:35","date_gmt":"2021-10-22T19:23:35","guid":{"rendered":"http:\/\/dgospel.com.br\/portal\/?p=9650"},"modified":"2021-10-22T16:23:36","modified_gmt":"2021-10-22T19:23:36","slug":"cotado-para-o-stf-presidente-do-stj-se-diz-terrivelmente-pecador","status":"publish","type":"post","link":"https:\/\/dgospel.com.br\/portal\/index.php\/2021\/10\/22\/cotado-para-o-stf-presidente-do-stj-se-diz-terrivelmente-pecador\/","title":{"rendered":"Cotado para o STF, presidente do STJ se diz terrivelmente pecador"},"content":{"rendered":"\n<p> O presidente do Superior Tribunal de Justi\u00e7a (STJ), ministro Humberto Martins, disse que \u00e9 \u201cterrivelmente pecador\u201d, em refer\u00eancia \u00e0 caracter\u00edstica de \u201cterrivelmente evang\u00e9lico\u201d atribu\u00edda ao pastor Andr\u00e9 Mendon\u00e7a pelo presidente Jair Bolsonaro. <\/p>\n\n\n\n<p> Martins tem o apoio de senadores governistas e de oposi\u00e7\u00e3o para o cargo de ministro do Supremo Tribunal Federal (STF). No entanto, Bolsonaro ainda n\u00e3o deu qualquer sinal de que desistir\u00e1 da indica\u00e7\u00e3o de Mendon\u00e7a. <\/p>\n\n\n\n<p>A declara\u00e7\u00e3o de Martins ocorreu na \u00faltima quarta-feira (20), ap\u00f3s sua participa\u00e7\u00e3o em um evento no Pal\u00e1cio do Planalto ao lado de Bolsonaro. Na ocasi\u00e3o, Martins foi questionado por jornalistas se ele tamb\u00e9m se definiria como \u201cterrivelmente evang\u00e9lico\u201d.<\/p>\n\n\n\n<p>\u2013 Eu sou evang\u00e9lico, mas, com certeza, eu sou \u2018terrivelmente pecador\u2019, porque eu olho para a cruz e pe\u00e7o a Deus que perdoe meus pecados. No momento em que eu digo que sou \u2018terrivelmente evang\u00e9lico\u2019\u2026 Se eu fosse realmente \u2018terrivelmente\u2019, eu n\u00e3o seria \u2018terrivelmente evang\u00e9lico\u2019; eu seria \u2018fervorosamente evang\u00e9lico\u2019, porque o evang\u00e9lico \u00e9 maravilhoso \u2013 afirmou.<\/p>\n\n\n\n<p>Martins \u00e9 adventista e foi nomeado ao STJ pelo ex-presidente Luiz In\u00e1cio Lula da Silva em 2006. O magistrado assumiu a presid\u00eancia da Corte em agosto de 2020.<\/p>\n\n\n\n<p>O ex-advogado-geral da Uni\u00e3o Andr\u00e9 Mendon\u00e7a foi indicado, no dia 13 de julho, por Bolsonaro \u00e0 vaga deixada pelo ex-ministro Marco Aur\u00e9lio de Mello no STF. A indica\u00e7\u00e3o chegou \u00e0 Comiss\u00e3o de Constitui\u00e7\u00e3o, Justi\u00e7a e Cidadania (CCJ) no dia 19 de agosto e, desde ent\u00e3o, est\u00e1 travada pelo presidente do colegiado, senador Davi Alcolumbre.<\/p>\n\n\n\n<p>Outros nomes, como o de Martins e o do procurador-geral da Rep\u00fablica, Augusto Aras, foram sugeridos a Bolsonaro. O vice-presidente, Hamilton Mour\u00e3o, tamb\u00e9m chegou a sugerir um nome que n\u00e3o foi revelado. O presidente, por\u00e9m, disse que n\u00e3o ir\u00e1 retirar a indica\u00e7\u00e3o de Mendon\u00e7a e que, caso o Senado o rejeite, ele indicar\u00e1 um outro evang\u00e9lico.<\/p>\n","protected":false},"excerpt":{"rendered":"<p>O presidente do Superior Tribunal de Justi\u00e7a (STJ), ministro Humberto Martins, disse que \u00e9 \u201cterrivelmente pecador\u201d, em refer\u00eancia \u00e0 caracter\u00edstica de \u201cterrivelmente evang\u00e9lico\u201d atribu\u00edda ao pastor Andr\u00e9 Mendon\u00e7a pelo presidente Jair Bolsonaro. Martins tem o apoio de senadores governistas e de oposi\u00e7\u00e3o para o cargo de ministro do Supremo Tribunal Federal (STF). No entanto, Bolsonaro [&hellip;]<\/p>\n","protected":false},"author":2,"featured_media":9651,"comment_status":"open","ping_status":"open","sticky":false,"template":"","format":"standard","meta":[],"categories":[4],"tags":[13,14],"_links":{"self":[{"href":"https:\/\/dgospel.com.br\/portal\/index.php\/wp-json\/wp\/v2\/posts\/9650"}],"collection":[{"href":"https:\/\/dgospel.com.br\/portal\/index.php\/wp-json\/wp\/v2\/posts"}],"about":[{"href":"https:\/\/dgospel.com.br\/portal\/index.php\/wp-json\/wp\/v2\/types\/post"}],"author":[{"embeddable":true,"href":"https:\/\/dgospel.com.br\/portal\/index.php\/wp-json\/wp\/v2\/users\/2"}],"replies":[{"embeddable":true,"href":"https:\/\/dgospel.com.br\/portal\/index.php\/wp-json\/wp\/v2\/comments?post=9650"}],"version-history":[{"count":1,"href":"https:\/\/dgospel.com.br\/portal\/index.php\/wp-json\/wp\/v2\/posts\/9650\/revisions"}],"predecessor-version":[{"id":9652,"href":"https:\/\/dgospel.com.br\/portal\/index.php\/wp-json\/wp\/v2\/posts\/9650\/revisions\/9652"}],"wp:featuredmedia":[{"embeddable":true,"href":"https:\/\/dgospel.com.br\/portal\/index.php\/wp-json\/wp\/v2\/media\/9651"}],"wp:attachment":[{"href":"https:\/\/dgospel.com.br\/portal\/index.php\/wp-json\/wp\/v2\/media?parent=9650"}],"wp:term":[{"taxonomy":"category","embeddable":true,"href":"https:\/\/dgospel.com.br\/portal\/index.php\/wp-json\/wp\/v2\/categories?post=9650"},{"taxonomy":"post_tag","embeddable":true,"href":"https:\/\/dgospel.com.br\/portal\/index.php\/wp-json\/wp\/v2\/tags?post=9650"}],"curies":[{"name":"wp","href":"https:\/\/api.w.org\/{rel}","templated":true}]}}