{"id":9653,"date":"2021-10-22T16:32:53","date_gmt":"2021-10-22T19:32:53","guid":{"rendered":"http:\/\/dgospel.com.br\/portal\/?p=9653"},"modified":"2021-10-22T16:43:06","modified_gmt":"2021-10-22T19:43:06","slug":"rondonia-proibe-linguagem-neutra-em-escolas-do-estado","status":"publish","type":"post","link":"https:\/\/dgospel.com.br\/portal\/index.php\/2021\/10\/22\/rondonia-proibe-linguagem-neutra-em-escolas-do-estado\/","title":{"rendered":"Rond\u00f4nia pro\u00edbe linguagem neutra em escolas do estado"},"content":{"rendered":"\n<p> A chamada linguagem neutra agora est\u00e1 proibida de ser utilizada nas escolas p\u00fablicas e particulares de Rond\u00f4nia. O governo estadual sancionou uma lei que trata sobre a medida. <\/p>\n\n\n\n<p> A lei n\u00b0 5.123 foi publicada no Di\u00e1rio Oficial na ter\u00e7a-feira (19) e j\u00e1 est\u00e1 valendo em todo o estado. De acordo com o texto, fica \u201cexpressamente proibida a linguagem neutra na grade curricular e no material did\u00e1tico de institui\u00e7\u00f5es de ensino p\u00fablicas ou privadas, assim como em editais de concursos p\u00fablicos\u201d. <\/p>\n\n\n\n<p>A utiliza\u00e7\u00e3o de express\u00f5es vocais sem g\u00eanero, como \u201cmenine\u201d, em vez de \u201cmenino\u201d ou \u201cmenina\u201d, \u00e9 uma pauta defendida pela comunidade LGBTQUIA+, mas que sofre resist\u00eancia de conservadores. O tema \u00e9 discutido no Congresso Nacional desde o ano de 2020.<\/p>\n\n\n\n<p>De acordo com a lei sancionada, institui\u00e7\u00f5es de ensino e professores que n\u00e3o obedecerem \u00e0 proibi\u00e7\u00e3o poder\u00e3o sofrer puni\u00e7\u00f5es.<\/p>\n\n\n\n<p>De acordo com o governo estadual, a medida tem por objetivo estabelecer \u201cmedidas protetivas ao direito dos estudantes ao aprendizado da l\u00edngua portuguesa de acordo com a norma culta\u201d.<\/p>\n","protected":false},"excerpt":{"rendered":"<p>A chamada linguagem neutra agora est\u00e1 proibida de ser utilizada nas escolas p\u00fablicas e particulares de Rond\u00f4nia. O governo estadual sancionou uma lei que trata sobre a medida. A lei n\u00b0 5.123 foi publicada no Di\u00e1rio Oficial na ter\u00e7a-feira (19) e j\u00e1 est\u00e1 valendo em todo o estado. De acordo com o texto, fica \u201cexpressamente [&hellip;]<\/p>\n","protected":false},"author":2,"featured_media":9660,"comment_status":"open","ping_status":"open","sticky":false,"template":"","format":"standard","meta":[],"categories":[4],"tags":[13],"_links":{"self":[{"href":"https:\/\/dgospel.com.br\/portal\/index.php\/wp-json\/wp\/v2\/posts\/9653"}],"collection":[{"href":"https:\/\/dgospel.com.br\/portal\/index.php\/wp-json\/wp\/v2\/posts"}],"about":[{"href":"https:\/\/dgospel.com.br\/portal\/index.php\/wp-json\/wp\/v2\/types\/post"}],"author":[{"embeddable":true,"href":"https:\/\/dgospel.com.br\/portal\/index.php\/wp-json\/wp\/v2\/users\/2"}],"replies":[{"embeddable":true,"href":"https:\/\/dgospel.com.br\/portal\/index.php\/wp-json\/wp\/v2\/comments?post=9653"}],"version-history":[{"count":1,"href":"https:\/\/dgospel.com.br\/portal\/index.php\/wp-json\/wp\/v2\/posts\/9653\/revisions"}],"predecessor-version":[{"id":9655,"href":"https:\/\/dgospel.com.br\/portal\/index.php\/wp-json\/wp\/v2\/posts\/9653\/revisions\/9655"}],"wp:featuredmedia":[{"embeddable":true,"href":"https:\/\/dgospel.com.br\/portal\/index.php\/wp-json\/wp\/v2\/media\/9660"}],"wp:attachment":[{"href":"https:\/\/dgospel.com.br\/portal\/index.php\/wp-json\/wp\/v2\/media?parent=9653"}],"wp:term":[{"taxonomy":"category","embeddable":true,"href":"https:\/\/dgospel.com.br\/portal\/index.php\/wp-json\/wp\/v2\/categories?post=9653"},{"taxonomy":"post_tag","embeddable":true,"href":"https:\/\/dgospel.com.br\/portal\/index.php\/wp-json\/wp\/v2\/tags?post=9653"}],"curies":[{"name":"wp","href":"https:\/\/api.w.org\/{rel}","templated":true}]}}