{"id":9656,"date":"2021-10-22T16:39:43","date_gmt":"2021-10-22T19:39:43","guid":{"rendered":"http:\/\/dgospel.com.br\/portal\/?p=9656"},"modified":"2021-10-22T16:41:03","modified_gmt":"2021-10-22T19:41:03","slug":"prefeita-na-italia-quer-conceder-cidadania-honoraria-a-bolsonaro","status":"publish","type":"post","link":"https:\/\/dgospel.com.br\/portal\/index.php\/2021\/10\/22\/prefeita-na-italia-quer-conceder-cidadania-honoraria-a-bolsonaro\/","title":{"rendered":"Prefeita na It\u00e1lia quer conceder cidadania honor\u00e1ria a Bolsonaro"},"content":{"rendered":"\n<p> O presidente\u00a0<a rel=\"noreferrer noopener\" href=\"https:\/\/pleno.news\/tag\/jair-bolsonaro\" target=\"_blank\">Jair Bolsonaro<\/a>\u00a0pode se tornar um cidad\u00e3o honor\u00e1rio da cidade de Anguillara Veneta, no norte da It\u00e1lia. A proposta foi feita pela prefeita Alessandra Buoso. <\/p>\n\n\n\n<p> O munic\u00edpio italiano, com pouco mais de quatro mil habitantes e a 80 quil\u00f4metros de Veneza, \u00e9 a terra natal de um bisav\u00f4 paterno do presidente brasileiro, o que, de acordo com a prefeita, \u00e9 o motivo da homenagem. <\/p>\n\n\n\n<p>\u2013 Isso n\u00e3o deve ser algo pol\u00edtico. Pensei nas pessoas do meu pa\u00eds que imigraram para o Brasil e constru\u00edram uma vida at\u00e9 chegar a presidente, levando o nome de Anguillara Veneta ao mundo \u2013 disse a prefeita em entrevista \u00e0 ag\u00eancia de not\u00edcias ANSA.<\/p>\n\n\n\n<p>A convoca\u00e7\u00e3o na C\u00e2mara Municipal da regi\u00e3o para discutir a cidadania honor\u00e1ria de Bolsonaro est\u00e1 marcada para 25 de outubro e foi assinada por Buoso na \u00faltima quarta-feira (20).<\/p>\n\n\n\n<p>Pol\u00edticos de centro-esquerda da It\u00e1lia, por sua vez, manifestaram-se contr\u00e1rios \u00e0 proposta, embora a prefeita tenha dito que o motivo n\u00e3o \u00e9 pol\u00edtico.<\/p>\n\n\n\n<p>O secret\u00e1rio regional do Partido Democr\u00e1tico (PD), Alessando Bisato, falou que a homenagem \u00e9 \u201cultraje in\u00fatil\u201d e afirmou que Bolsonaro \u00e9 \u201cal\u00e9rgico \u00e0 democracia e aos direitos civis, negacionista da Covid e antivacina declarado\u201d.<\/p>\n","protected":false},"excerpt":{"rendered":"<p>O presidente\u00a0Jair Bolsonaro\u00a0pode se tornar um cidad\u00e3o honor\u00e1rio da cidade de Anguillara Veneta, no norte da It\u00e1lia. A proposta foi feita pela prefeita Alessandra Buoso. O munic\u00edpio italiano, com pouco mais de quatro mil habitantes e a 80 quil\u00f4metros de Veneza, \u00e9 a terra natal de um bisav\u00f4 paterno do presidente brasileiro, o que, de [&hellip;]<\/p>\n","protected":false},"author":2,"featured_media":9659,"comment_status":"open","ping_status":"open","sticky":false,"template":"","format":"standard","meta":[],"categories":[4],"tags":[13],"_links":{"self":[{"href":"https:\/\/dgospel.com.br\/portal\/index.php\/wp-json\/wp\/v2\/posts\/9656"}],"collection":[{"href":"https:\/\/dgospel.com.br\/portal\/index.php\/wp-json\/wp\/v2\/posts"}],"about":[{"href":"https:\/\/dgospel.com.br\/portal\/index.php\/wp-json\/wp\/v2\/types\/post"}],"author":[{"embeddable":true,"href":"https:\/\/dgospel.com.br\/portal\/index.php\/wp-json\/wp\/v2\/users\/2"}],"replies":[{"embeddable":true,"href":"https:\/\/dgospel.com.br\/portal\/index.php\/wp-json\/wp\/v2\/comments?post=9656"}],"version-history":[{"count":1,"href":"https:\/\/dgospel.com.br\/portal\/index.php\/wp-json\/wp\/v2\/posts\/9656\/revisions"}],"predecessor-version":[{"id":9658,"href":"https:\/\/dgospel.com.br\/portal\/index.php\/wp-json\/wp\/v2\/posts\/9656\/revisions\/9658"}],"wp:featuredmedia":[{"embeddable":true,"href":"https:\/\/dgospel.com.br\/portal\/index.php\/wp-json\/wp\/v2\/media\/9659"}],"wp:attachment":[{"href":"https:\/\/dgospel.com.br\/portal\/index.php\/wp-json\/wp\/v2\/media?parent=9656"}],"wp:term":[{"taxonomy":"category","embeddable":true,"href":"https:\/\/dgospel.com.br\/portal\/index.php\/wp-json\/wp\/v2\/categories?post=9656"},{"taxonomy":"post_tag","embeddable":true,"href":"https:\/\/dgospel.com.br\/portal\/index.php\/wp-json\/wp\/v2\/tags?post=9656"}],"curies":[{"name":"wp","href":"https:\/\/api.w.org\/{rel}","templated":true}]}}