{"id":9664,"date":"2021-10-22T16:51:14","date_gmt":"2021-10-22T19:51:14","guid":{"rendered":"http:\/\/dgospel.com.br\/portal\/?p=9664"},"modified":"2021-10-22T16:51:15","modified_gmt":"2021-10-22T19:51:15","slug":"em-live-de-comemoracao-ao-dia-do-professor-governador-wanderlei-barbosa-destaca-a-importancia-do-educador-na-formacao-da-sociedade","status":"publish","type":"post","link":"https:\/\/dgospel.com.br\/portal\/index.php\/2021\/10\/22\/em-live-de-comemoracao-ao-dia-do-professor-governador-wanderlei-barbosa-destaca-a-importancia-do-educador-na-formacao-da-sociedade\/","title":{"rendered":"Em live de comemora\u00e7\u00e3o ao Dia do Professor, governador Wanderlei Barbosa destaca a import\u00e2ncia do educador na forma\u00e7\u00e3o da sociedade"},"content":{"rendered":"\n<p>O governador do Estado do Tocantins, em exerc\u00edcio, Wanderlei Barbosa, participou na tarde desta quinta-feira, 21, de uma live em comemora\u00e7\u00e3o ao Dia do Professor, celebrado nacionalmente em 15 de outubro. Com o tema&nbsp;<em>Sou Professor e Transformo a Educa\u00e7\u00e3o<\/em>, a&nbsp;<em>live<\/em>&nbsp;ocorreu no audit\u00f3rio da Escola Estadual Eliz\u00e2ngela Gl\u00f3ria Cardoso, em Palmas. A titular da Secretaria de Estado da Educa\u00e7\u00e3o, Juventude e Esportes (Seduc), Adriana Aguiar, tamb\u00e9m participou do evento.<\/p>\n\n\n\n<p>Os objetivos da&nbsp;<em>live<\/em>&nbsp;foram celebrar a atua\u00e7\u00e3o dos professores e destacar a import\u00e2ncia que esses profissionais t\u00eam na forma\u00e7\u00e3o e na transforma\u00e7\u00e3o da vida das pessoas na sociedade. Durante o evento, foram ministradas palestras motivacionais com o psic\u00f3logo Guilherme Davoli e o professor Thiago Santos.<\/p>\n\n\n\n<p>O governador em exerc\u00edcio, Wanderlei Barbosa, destacou que os professores s\u00e3o importantes na forma\u00e7\u00e3o das comunidades e na qualifica\u00e7\u00e3o dos profissionais. \u201cEstamos sendo vistos no Bico do Papagaio, no sudeste e sul do Estado, nas menores cidades, comunidades tradicionais e nas regi\u00f5es mais distantes. Estamos alcan\u00e7ando [todos], pois todos est\u00e3o conectados. Isso \u00e9 a valoriza\u00e7\u00e3o da educa\u00e7\u00e3o, da escola, dos estudantes e a valoriza\u00e7\u00e3o da capacita\u00e7\u00e3o profissional. Ent\u00e3o, nossos professores t\u00eam do Governo este amparo, este cuidado\u201d, afirmou.<\/p>\n\n\n\n<p>Na ocasi\u00e3o, o governador Wanderlei Barbosa parabenizou todos os profissionais da Educa\u00e7\u00e3o. \u201cCumprimento todos os nossos professores, diretores de escolas e servidores da Educa\u00e7\u00e3o. Em especial, a secret\u00e1ria e professora Adriana Aguiar, que vem fazendo um trabalho extraordin\u00e1rio na pasta. N\u00f3s acompanhamos de perto. Em nome do Governo, fico muito feliz pelo desempenho da nossa Educa\u00e7\u00e3o. \u00c9 importante que nossa equipe esteja cada vez mais coesa, mais comprometida em melhorar a Educa\u00e7\u00e3o no Estado. Irei dar prosseguimento na gest\u00e3o e melhorar naquilo que for preciso\u201d, pontuou.<\/p>\n\n\n\n<p>A secret\u00e1ria Adriana Aguiar refor\u00e7ou que a programa\u00e7\u00e3o da&nbsp;<em>live<\/em>&nbsp;\u00e9 em homenagem aos professores e profissionais da Educa\u00e7\u00e3o do Tocantins. \u201cDurante os \u00faltimos dias, tivemos nas nossas 497 unidades escolares, nos 139 munic\u00edpios do Tocantins, grandes comemora\u00e7\u00f5es, cada uma nas suas dimens\u00f5es e foi uma oportunidade \u00edmpar que nossos profissionais tiveram de se socializar no dia da nossa profiss\u00e3o em seu ambiente de trabalho. E hoje, n\u00f3s estamos aqui comemorando o dia da profiss\u00e3o mais importante do mundo, que \u00e9 a de professor\u201d, declarou.<\/p>\n\n\n\n<p>O evento foi assistido virtualmente por diretores regionais de Educa\u00e7\u00e3o, Juventude e Esportes do Tocantins; diretores escolares da rede p\u00fablica estadual de Educa\u00e7\u00e3o do Tocantins; professores das 13 Diretorias Regionais de Educa\u00e7\u00e3o; profissionais da educa\u00e7\u00e3o que atuam na Seduc; e todos os profissionais que atuam na educa\u00e7\u00e3o do Estado.<\/p>\n\n\n\n<figure class=\"wp-block-image\"><img src=\"https:\/\/central.to.gov.br\/image\/267242?w=565&amp;h=349\" alt=\"\"\/><\/figure>\n\n\n\n<p>A titular da Seduc, Adriana Aguiar, refor\u00e7ou que a programa\u00e7\u00e3o teve o objetivo de homenagear os professores e os profissionais da Educa\u00e7\u00e3o do Tocantins &#8211; Esequias Ara\u00fajo\/Governo do Tocantins<\/p>\n\n\n\n<figure class=\"wp-block-image\"><img src=\"https:\/\/central.to.gov.br\/image\/267243?w=565&amp;h=349\" alt=\"\"\/><\/figure>\n\n\n\n<p>Os objetivos da live foram celebrar a atua\u00e7\u00e3o dos professores e destacar a import\u00e2ncia que esses profissionais t\u00eam na forma\u00e7\u00e3o e na transforma\u00e7\u00e3o da vida das pessoas na sociedade &#8211; Esequias Ara\u00fajo\/Governo do Tocantins.<br><\/p>\n","protected":false},"excerpt":{"rendered":"<p>O governador do Estado do Tocantins, em exerc\u00edcio, Wanderlei Barbosa, participou na tarde desta quinta-feira, 21, de uma live em comemora\u00e7\u00e3o ao Dia do Professor, celebrado nacionalmente em 15 de outubro. Com o tema&nbsp;Sou Professor e Transformo a Educa\u00e7\u00e3o, a&nbsp;live&nbsp;ocorreu no audit\u00f3rio da Escola Estadual Eliz\u00e2ngela Gl\u00f3ria Cardoso, em Palmas. A titular da Secretaria de [&hellip;]<\/p>\n","protected":false},"author":2,"featured_media":9665,"comment_status":"open","ping_status":"open","sticky":false,"template":"","format":"standard","meta":[],"categories":[3],"tags":[],"_links":{"self":[{"href":"https:\/\/dgospel.com.br\/portal\/index.php\/wp-json\/wp\/v2\/posts\/9664"}],"collection":[{"href":"https:\/\/dgospel.com.br\/portal\/index.php\/wp-json\/wp\/v2\/posts"}],"about":[{"href":"https:\/\/dgospel.com.br\/portal\/index.php\/wp-json\/wp\/v2\/types\/post"}],"author":[{"embeddable":true,"href":"https:\/\/dgospel.com.br\/portal\/index.php\/wp-json\/wp\/v2\/users\/2"}],"replies":[{"embeddable":true,"href":"https:\/\/dgospel.com.br\/portal\/index.php\/wp-json\/wp\/v2\/comments?post=9664"}],"version-history":[{"count":1,"href":"https:\/\/dgospel.com.br\/portal\/index.php\/wp-json\/wp\/v2\/posts\/9664\/revisions"}],"predecessor-version":[{"id":9666,"href":"https:\/\/dgospel.com.br\/portal\/index.php\/wp-json\/wp\/v2\/posts\/9664\/revisions\/9666"}],"wp:featuredmedia":[{"embeddable":true,"href":"https:\/\/dgospel.com.br\/portal\/index.php\/wp-json\/wp\/v2\/media\/9665"}],"wp:attachment":[{"href":"https:\/\/dgospel.com.br\/portal\/index.php\/wp-json\/wp\/v2\/media?parent=9664"}],"wp:term":[{"taxonomy":"category","embeddable":true,"href":"https:\/\/dgospel.com.br\/portal\/index.php\/wp-json\/wp\/v2\/categories?post=9664"},{"taxonomy":"post_tag","embeddable":true,"href":"https:\/\/dgospel.com.br\/portal\/index.php\/wp-json\/wp\/v2\/tags?post=9664"}],"curies":[{"name":"wp","href":"https:\/\/api.w.org\/{rel}","templated":true}]}}