{"id":9667,"date":"2021-10-25T18:17:30","date_gmt":"2021-10-25T21:17:30","guid":{"rendered":"http:\/\/dgospel.com.br\/portal\/?p=9667"},"modified":"2021-10-25T18:20:40","modified_gmt":"2021-10-25T21:20:40","slug":"stf-se-mendonca-for-rejeitado-senadores-vao-dar-escolha-a-bolsonaro","status":"publish","type":"post","link":"https:\/\/dgospel.com.br\/portal\/index.php\/2021\/10\/25\/stf-se-mendonca-for-rejeitado-senadores-vao-dar-escolha-a-bolsonaro\/","title":{"rendered":"STF: Se Mendon\u00e7a for rejeitado, senadores v\u00e3o dar \u201cescolha\u201d a Bolsonaro"},"content":{"rendered":"\n<p>A \u201cpol\u00eamica\u201d\nenvolvendo a nomea\u00e7\u00e3o de Andr\u00e9 Mendon\u00e7a para uma vaga no Supremo Tribunal\nFederal (STF) continua. De acordo com o colunista Guilherme Amado, do site\nMetr\u00f3poles, senadores e um ministro do STF contr\u00e1rios a Mendon\u00e7a j\u00e1 possuem uma\n\u201cnarrativa\u201d pronta para uma eventual rejei\u00e7\u00e3o no plen\u00e1rio do Senado.<\/p>\n\n\n\n<p>PUBLICIDADE<\/p>\n\n\n\n<p>Ex-advogado-geral\nda Uni\u00e3o, Mendon\u00e7a foi indicado em 13 julho pelo presidente Jair Bolsonaro para\nocupar a vaga deixada pelo ministro Marco Aur\u00e9lio de Mello no STF. Mas, desde\nent\u00e3o, seu nome n\u00e3o passou pelo primeiro passo para ingressar na Corte, j\u00e1 que\nDavi Alcolumbre (DEM-AP), presidente da CCJ, ainda n\u00e3o definiu a data do\nprocedimento.<\/p>\n\n\n\n<p>Ap\u00f3s a CCJ, Andr\u00e9\nMendon\u00e7a ir\u00e1 passar pela vota\u00e7\u00e3o no plen\u00e1rio. De acordo com o colunista, caso o\nex-AGU seja rejeitado pelos senadores, ser\u00e3o oferecidas duas op\u00e7\u00f5es para\nBolsonaro: Ou ele aceita uma \u2018sugest\u00e3o\u2019 do pr\u00f3prio Senado, ou a vaga no STF\nficar\u00e1 apenas para 2023.<\/p>\n\n\n\n<p>No fim de semana, o\npresidente do Senado, Rodrigo Pacheco (DEM-MG, disse que o Senado deve fazer um\nesfor\u00e7o concentrado depois do dia 15 de novembro para votar indica\u00e7\u00f5es para\nembaixadas, ag\u00eancias reguladoras, conselhos \u201ce tamb\u00e9m a indica\u00e7\u00e3o para o\nSupremo Tribunal Federal\u201d.<\/p>\n","protected":false},"excerpt":{"rendered":"<p>A \u201cpol\u00eamica\u201d envolvendo a nomea\u00e7\u00e3o de Andr\u00e9 Mendon\u00e7a para uma vaga no Supremo Tribunal Federal (STF) continua. De acordo com o colunista Guilherme Amado, do site Metr\u00f3poles, senadores e um ministro do STF contr\u00e1rios a Mendon\u00e7a j\u00e1 possuem uma \u201cnarrativa\u201d pronta para uma eventual rejei\u00e7\u00e3o no plen\u00e1rio do Senado. PUBLICIDADE Ex-advogado-geral da Uni\u00e3o, Mendon\u00e7a foi [&hellip;]<\/p>\n","protected":false},"author":2,"featured_media":9668,"comment_status":"open","ping_status":"open","sticky":false,"template":"","format":"standard","meta":[],"categories":[4],"tags":[13,14],"_links":{"self":[{"href":"https:\/\/dgospel.com.br\/portal\/index.php\/wp-json\/wp\/v2\/posts\/9667"}],"collection":[{"href":"https:\/\/dgospel.com.br\/portal\/index.php\/wp-json\/wp\/v2\/posts"}],"about":[{"href":"https:\/\/dgospel.com.br\/portal\/index.php\/wp-json\/wp\/v2\/types\/post"}],"author":[{"embeddable":true,"href":"https:\/\/dgospel.com.br\/portal\/index.php\/wp-json\/wp\/v2\/users\/2"}],"replies":[{"embeddable":true,"href":"https:\/\/dgospel.com.br\/portal\/index.php\/wp-json\/wp\/v2\/comments?post=9667"}],"version-history":[{"count":1,"href":"https:\/\/dgospel.com.br\/portal\/index.php\/wp-json\/wp\/v2\/posts\/9667\/revisions"}],"predecessor-version":[{"id":9669,"href":"https:\/\/dgospel.com.br\/portal\/index.php\/wp-json\/wp\/v2\/posts\/9667\/revisions\/9669"}],"wp:featuredmedia":[{"embeddable":true,"href":"https:\/\/dgospel.com.br\/portal\/index.php\/wp-json\/wp\/v2\/media\/9668"}],"wp:attachment":[{"href":"https:\/\/dgospel.com.br\/portal\/index.php\/wp-json\/wp\/v2\/media?parent=9667"}],"wp:term":[{"taxonomy":"category","embeddable":true,"href":"https:\/\/dgospel.com.br\/portal\/index.php\/wp-json\/wp\/v2\/categories?post=9667"},{"taxonomy":"post_tag","embeddable":true,"href":"https:\/\/dgospel.com.br\/portal\/index.php\/wp-json\/wp\/v2\/tags?post=9667"}],"curies":[{"name":"wp","href":"https:\/\/api.w.org\/{rel}","templated":true}]}}