{"id":967,"date":"2018-08-10T13:24:41","date_gmt":"2018-08-10T16:24:41","guid":{"rendered":"http:\/\/dgospel.com.br\/portal\/?p=967"},"modified":"2018-08-10T13:24:41","modified_gmt":"2018-08-10T16:24:41","slug":"igreja-presbiteriana-do-brasil-celebra-nesta-sexta-feira-10-159-anos-de-organizacao-no-brasil","status":"publish","type":"post","link":"https:\/\/dgospel.com.br\/portal\/index.php\/2018\/08\/10\/igreja-presbiteriana-do-brasil-celebra-nesta-sexta-feira-10-159-anos-de-organizacao-no-brasil\/","title":{"rendered":"Igreja Presbiteriana do Brasil celebra nesta sexta-feira (10) 159 anos de organiza\u00e7\u00e3o no Brasil"},"content":{"rendered":"<p>A Igreja Presbiteriana do Brasil (IPB) comemora hoje (10\/08), \u00e0s 19h30, os 159 anos de organiza\u00e7\u00e3o no Brasil. O Culto Solene de Gratid\u00e3o a Deus pela passagem de mais um anivers\u00e1rio contar\u00e1 com a prega\u00e7\u00e3o do pastor Augustus Nicodemus, vice-presidente do Supremo Conc\u00edlio da Igreja Presbiteriana do Brasil, e acontece no audit\u00f3rio Ruy Barbosa da Universidade Presbiteriana Mackenzie de\u00a0<a href=\"https:\/\/maps.google.com\/?q=S%C3%A3o+Paulo+(Rua+Itamb%C3%A9,+143+%E2%80%93+Higien%C3%B3polis&amp;entry=gmail&amp;source=g\">S\u00e3o Paulo (Rua Itamb\u00e9, 143 \u2013 Higien\u00f3polis<\/a>).<\/p>\n<p>A IPB \u00e9 a mais antiga denomina\u00e7\u00e3o reformada do pa\u00eds, fundada pelo mission\u00e1rio Ashbel Green Simonton em 1859. Atualmente, a institui\u00e7\u00e3o conta igrejas, congrega\u00e7\u00f5es e pontos de prega\u00e7\u00e3o que compartilham o evangelho da gra\u00e7a com a popula\u00e7\u00e3o.<\/p>\n<p>A celebra\u00e7\u00e3o exalta o diferencial dessa denomina\u00e7\u00e3o que cr\u00ea na soberania e na salva\u00e7\u00e3o pela gra\u00e7a de Deus, que pensa no ser Humano integral e que precisa ser alcan\u00e7ado em todas as \u00e1reas de sua vida. Ao longo de todos esses anos sempre foi envolvida com obras sociais por todo o pa\u00eds e tendo a educa\u00e7\u00e3o como sua voca\u00e7\u00e3o.<\/p>\n<p><b>Servi\u00e7o<\/b><br \/>\n<strong>Culto Solene em comemora\u00e7\u00e3o dos 159 anos da Igreja Presbiteriana do Brasil (IPB)\u00a0<\/strong><br \/>\n<b>Hor\u00e1rio:<\/b>\u00a019h30<br \/>\n<b>Local:<\/b>\u00a0Audit\u00f3rio Ruy Barbosa da Universidade Presbiteriana Mackenzie<br \/>\n<b>Endere\u00e7o:\u00a0<\/b><a href=\"https:\/\/maps.google.com\/?q=Rua+Itamb%C3%A9,+143+%E2%80%93+Higien%C3%B3polis+%E2%80%93+S%C3%A3o+Paulo&amp;entry=gmail&amp;source=g\">Rua Itamb\u00e9, 143 \u2013 Higien\u00f3polis \u2013 S\u00e3o Paulo<\/a><\/p>\n","protected":false},"excerpt":{"rendered":"<p>A Igreja Presbiteriana do Brasil (IPB) comemora hoje (10\/08), \u00e0s 19h30, os 159 anos de organiza\u00e7\u00e3o no Brasil. O Culto Solene de Gratid\u00e3o a Deus pela passagem de mais um anivers\u00e1rio contar\u00e1 com a prega\u00e7\u00e3o do pastor Augustus Nicodemus, vice-presidente do Supremo Conc\u00edlio da Igreja Presbiteriana do Brasil, e acontece no audit\u00f3rio Ruy Barbosa da [&hellip;]<\/p>\n","protected":false},"author":2,"featured_media":968,"comment_status":"open","ping_status":"open","sticky":false,"template":"","format":"standard","meta":[],"categories":[2,5,6],"tags":[],"_links":{"self":[{"href":"https:\/\/dgospel.com.br\/portal\/index.php\/wp-json\/wp\/v2\/posts\/967"}],"collection":[{"href":"https:\/\/dgospel.com.br\/portal\/index.php\/wp-json\/wp\/v2\/posts"}],"about":[{"href":"https:\/\/dgospel.com.br\/portal\/index.php\/wp-json\/wp\/v2\/types\/post"}],"author":[{"embeddable":true,"href":"https:\/\/dgospel.com.br\/portal\/index.php\/wp-json\/wp\/v2\/users\/2"}],"replies":[{"embeddable":true,"href":"https:\/\/dgospel.com.br\/portal\/index.php\/wp-json\/wp\/v2\/comments?post=967"}],"version-history":[{"count":1,"href":"https:\/\/dgospel.com.br\/portal\/index.php\/wp-json\/wp\/v2\/posts\/967\/revisions"}],"predecessor-version":[{"id":969,"href":"https:\/\/dgospel.com.br\/portal\/index.php\/wp-json\/wp\/v2\/posts\/967\/revisions\/969"}],"wp:featuredmedia":[{"embeddable":true,"href":"https:\/\/dgospel.com.br\/portal\/index.php\/wp-json\/wp\/v2\/media\/968"}],"wp:attachment":[{"href":"https:\/\/dgospel.com.br\/portal\/index.php\/wp-json\/wp\/v2\/media?parent=967"}],"wp:term":[{"taxonomy":"category","embeddable":true,"href":"https:\/\/dgospel.com.br\/portal\/index.php\/wp-json\/wp\/v2\/categories?post=967"},{"taxonomy":"post_tag","embeddable":true,"href":"https:\/\/dgospel.com.br\/portal\/index.php\/wp-json\/wp\/v2\/tags?post=967"}],"curies":[{"name":"wp","href":"https:\/\/api.w.org\/{rel}","templated":true}]}}