{"id":9673,"date":"2021-10-25T18:25:32","date_gmt":"2021-10-25T21:25:32","guid":{"rendered":"http:\/\/dgospel.com.br\/portal\/?p=9673"},"modified":"2021-10-25T18:25:33","modified_gmt":"2021-10-25T21:25:33","slug":"professoras-do-tocantins-sao-selecionadas-para-final-da-olimpiada-de-lingua-portuguesa","status":"publish","type":"post","link":"https:\/\/dgospel.com.br\/portal\/index.php\/2021\/10\/25\/professoras-do-tocantins-sao-selecionadas-para-final-da-olimpiada-de-lingua-portuguesa\/","title":{"rendered":"Professoras do Tocantins s\u00e3o selecionadas para final da Olimp\u00edada de L\u00edngua Portuguesa"},"content":{"rendered":"\n<p>As professoras Debora Ferreira da Silva, do Col\u00e9gio Estadual Girassol de Tempo Integral Meira Matos, de Aparecida do Rio Negro; e Jheme Quezia Nunes de Abreu Rodrigues, do Col\u00e9gio Agropecu\u00e1rio de Almas, foram selecionadas para a etapa final da Olimp\u00edada de L\u00edngua Portuguesa, na categoria Artigo de Opini\u00e3o.<\/p>\n\n\n\n<p>Debora escreveu o artigo denominado&nbsp;<em>A arte do estudo al\u00e9m dos nossos limites<\/em>&nbsp;e Jheme produziu o texto&nbsp;<em>A incr\u00edvel arte de opinar<\/em>. \u201c\u00c9 emo\u00e7\u00e3o demais, nunca imaginei ser selecionada para a etapa final, foi motivo de comemora\u00e7\u00e3o e de alegria. Esse resultado representa o esfor\u00e7o de cada dia, para preparar a aula e para ajudar os alunos a evolu\u00edrem. \u00c9 o reconhecimento do trabalho realizado na escola\u201d, destaca Debora Ferreira.<\/p>\n\n\n\n<p>\u00c9 a primeira vez que a professora Jheme participa da olimp\u00edada e ter alcan\u00e7ado um resultado t\u00e3o significativo foi muito importante para ela e para a escola em que ministra aula. \u201cConsegui envolver os estudantes em todo o processo, de maneira prazerosa, despertando em cada um o gosto pela leitura, pela pesquisa e pela escrita\u201d, frisa.<\/p>\n\n\n\n<p>\u201cCompartilho a alegria desta maravilhosa conquista da professora Jheme, que tamb\u00e9m \u00e9 a alegria da escola. \u00c9 um momento de muita emo\u00e7\u00e3o para todos da escola e da comunidade local. Encheu de orgulho a todos n\u00f3s pelo esfor\u00e7o e pela determina\u00e7\u00e3o, deixando em sua conquista uma marca de humildade e comprometimento\u201d, ressalta a diretora do Col\u00e9gio Agropecu\u00e1rio de Almas, Marizete Cardoso.<\/p>\n\n\n\n<p>Nesta semana, ser\u00e1 realizado o encontro da semifinal da categoria Mem\u00f3rias Liter\u00e1rias, desta ter\u00e7a-feira, 26, at\u00e9 a quinta-feira, 28, de forma virtual. Do Tocantins, participar\u00e3o as professoras Rute da Silva Santos, da Escola Estadual Padre Giuliano Morreti, de Tocantin\u00f3polis; e Eula Paula de Matos Ferreira, da Escola Municipal Beatriz Rodrigues, de Palmas.<\/p>\n\n\n\n<p><strong>Olimp\u00edada<\/strong><\/p>\n\n\n\n<p>A Olimp\u00edada de L\u00edngua Portuguesa est\u00e1 na sua 7\u00aa edi\u00e7\u00e3o e \u00e9 uma iniciativa do Ita\u00fa Social e do Centro de Estudos e Pesquisas em Educa\u00e7\u00e3o e A\u00e7\u00e3o Comunit\u00e1ria (Cenpec), com o apoio do Conselho Nacional de Secret\u00e1rios de Educa\u00e7\u00e3o (Consed).<\/p>\n\n\n\n<p>Os encontros virtuais alusivos \u00e0s etapas semifinais s\u00e3o realizados desde o dia 11 de outubro e seguem at\u00e9 16 de novembro, com uma programa\u00e7\u00e3o diversificada e atividades pedag\u00f3gicas e culturais. A cerim\u00f4nia de premia\u00e7\u00e3o nacional ter\u00e1 a data e a forma divulgadas posteriormente.<\/p>\n\n\n\n<figure class=\"wp-block-image\"><img src=\"https:\/\/central.to.gov.br\/image\/267508?w=565&amp;h=349\" alt=\"\"\/><\/figure>\n\n\n\n<p>Participante da olimp\u00edada pela primeira vez, a professora Jheme Rodrigues conseguiu destaque &#8211; Divulga\u00e7\u00e3o<br><\/p>\n","protected":false},"excerpt":{"rendered":"<p>As professoras Debora Ferreira da Silva, do Col\u00e9gio Estadual Girassol de Tempo Integral Meira Matos, de Aparecida do Rio Negro; e Jheme Quezia Nunes de Abreu Rodrigues, do Col\u00e9gio Agropecu\u00e1rio de Almas, foram selecionadas para a etapa final da Olimp\u00edada de L\u00edngua Portuguesa, na categoria Artigo de Opini\u00e3o. Debora escreveu o artigo denominado&nbsp;A arte do [&hellip;]<\/p>\n","protected":false},"author":2,"featured_media":9674,"comment_status":"open","ping_status":"open","sticky":false,"template":"","format":"standard","meta":[],"categories":[3],"tags":[13],"_links":{"self":[{"href":"https:\/\/dgospel.com.br\/portal\/index.php\/wp-json\/wp\/v2\/posts\/9673"}],"collection":[{"href":"https:\/\/dgospel.com.br\/portal\/index.php\/wp-json\/wp\/v2\/posts"}],"about":[{"href":"https:\/\/dgospel.com.br\/portal\/index.php\/wp-json\/wp\/v2\/types\/post"}],"author":[{"embeddable":true,"href":"https:\/\/dgospel.com.br\/portal\/index.php\/wp-json\/wp\/v2\/users\/2"}],"replies":[{"embeddable":true,"href":"https:\/\/dgospel.com.br\/portal\/index.php\/wp-json\/wp\/v2\/comments?post=9673"}],"version-history":[{"count":1,"href":"https:\/\/dgospel.com.br\/portal\/index.php\/wp-json\/wp\/v2\/posts\/9673\/revisions"}],"predecessor-version":[{"id":9675,"href":"https:\/\/dgospel.com.br\/portal\/index.php\/wp-json\/wp\/v2\/posts\/9673\/revisions\/9675"}],"wp:featuredmedia":[{"embeddable":true,"href":"https:\/\/dgospel.com.br\/portal\/index.php\/wp-json\/wp\/v2\/media\/9674"}],"wp:attachment":[{"href":"https:\/\/dgospel.com.br\/portal\/index.php\/wp-json\/wp\/v2\/media?parent=9673"}],"wp:term":[{"taxonomy":"category","embeddable":true,"href":"https:\/\/dgospel.com.br\/portal\/index.php\/wp-json\/wp\/v2\/categories?post=9673"},{"taxonomy":"post_tag","embeddable":true,"href":"https:\/\/dgospel.com.br\/portal\/index.php\/wp-json\/wp\/v2\/tags?post=9673"}],"curies":[{"name":"wp","href":"https:\/\/api.w.org\/{rel}","templated":true}]}}