{"id":9685,"date":"2021-10-25T19:07:44","date_gmt":"2021-10-25T22:07:44","guid":{"rendered":"http:\/\/dgospel.com.br\/portal\/?p=9685"},"modified":"2021-10-25T19:07:46","modified_gmt":"2021-10-25T22:07:46","slug":"pastor-tem-avc-durante-o-culto-enquanto-cantava-nao-deixe-um-soldado-ferido-morrer","status":"publish","type":"post","link":"https:\/\/dgospel.com.br\/portal\/index.php\/2021\/10\/25\/pastor-tem-avc-durante-o-culto-enquanto-cantava-nao-deixe-um-soldado-ferido-morrer\/","title":{"rendered":"Pastor tem AVC, durante o culto, enquanto cantava `n\u00e3o deixe um soldado ferido morrer\u00b4"},"content":{"rendered":"\n<p>O pastor\u00a0Geter da Silva,\u00a0de 48 anos, morreu na\u00a0quarta-feira (20), ap\u00f3s sofrer\u00a0um Acidente Vascular Cerebral (AVC), no momento em que ele cantava\u00a0\u00a0\u201cn\u00e3o deixe um soldado ferido morrer\u201d,\u00a0durante culto, no domingo (17), em Cachoeiro de Itapemirim, no Sul do Esp\u00edrito Santo.<\/p>\n\n\n\n<p>No momento em que louvava na igreja, o pastor passou mal, caiu e foi socorrido por fi\u00e9is presentes na reuni\u00e3o. Em seguida, ele foi levado para o Hospital Santa Casa de Miseric\u00f3rdia. Com a piora do quadro de sa\u00fade, o pastor foi transferido para um hospital em Vit\u00f3ria, onde faleceu nesta quarta.<\/p>\n\n\n\n<p>Segundo informa\u00e7\u00f5es, o pastor trabalhava para a Prefeitura de Cachoeiro de Itapemirim e vendia picol\u00e9 no Centro daquele munic\u00edpio.<\/p>\n\n\n\n<p>Fonte: <em>CPAD News \/ Com informa\u00e7\u00f5es Alagoas 24 Horas e G1<\/em><\/p>\n","protected":false},"excerpt":{"rendered":"<p>O pastor\u00a0Geter da Silva,\u00a0de 48 anos, morreu na\u00a0quarta-feira (20), ap\u00f3s sofrer\u00a0um Acidente Vascular Cerebral (AVC), no momento em que ele cantava\u00a0\u00a0\u201cn\u00e3o deixe um soldado ferido morrer\u201d,\u00a0durante culto, no domingo (17), em Cachoeiro de Itapemirim, no Sul do Esp\u00edrito Santo. No momento em que louvava na igreja, o pastor passou mal, caiu e foi socorrido por [&hellip;]<\/p>\n","protected":false},"author":2,"featured_media":9686,"comment_status":"open","ping_status":"open","sticky":false,"template":"","format":"standard","meta":[],"categories":[5],"tags":[],"_links":{"self":[{"href":"https:\/\/dgospel.com.br\/portal\/index.php\/wp-json\/wp\/v2\/posts\/9685"}],"collection":[{"href":"https:\/\/dgospel.com.br\/portal\/index.php\/wp-json\/wp\/v2\/posts"}],"about":[{"href":"https:\/\/dgospel.com.br\/portal\/index.php\/wp-json\/wp\/v2\/types\/post"}],"author":[{"embeddable":true,"href":"https:\/\/dgospel.com.br\/portal\/index.php\/wp-json\/wp\/v2\/users\/2"}],"replies":[{"embeddable":true,"href":"https:\/\/dgospel.com.br\/portal\/index.php\/wp-json\/wp\/v2\/comments?post=9685"}],"version-history":[{"count":1,"href":"https:\/\/dgospel.com.br\/portal\/index.php\/wp-json\/wp\/v2\/posts\/9685\/revisions"}],"predecessor-version":[{"id":9687,"href":"https:\/\/dgospel.com.br\/portal\/index.php\/wp-json\/wp\/v2\/posts\/9685\/revisions\/9687"}],"wp:featuredmedia":[{"embeddable":true,"href":"https:\/\/dgospel.com.br\/portal\/index.php\/wp-json\/wp\/v2\/media\/9686"}],"wp:attachment":[{"href":"https:\/\/dgospel.com.br\/portal\/index.php\/wp-json\/wp\/v2\/media?parent=9685"}],"wp:term":[{"taxonomy":"category","embeddable":true,"href":"https:\/\/dgospel.com.br\/portal\/index.php\/wp-json\/wp\/v2\/categories?post=9685"},{"taxonomy":"post_tag","embeddable":true,"href":"https:\/\/dgospel.com.br\/portal\/index.php\/wp-json\/wp\/v2\/tags?post=9685"}],"curies":[{"name":"wp","href":"https:\/\/api.w.org\/{rel}","templated":true}]}}