{"id":9689,"date":"2021-10-26T15:57:23","date_gmt":"2021-10-26T18:57:23","guid":{"rendered":"http:\/\/dgospel.com.br\/portal\/?p=9689"},"modified":"2021-10-26T15:57:24","modified_gmt":"2021-10-26T18:57:24","slug":"governador-wanderlei-barbosa-anuncia-retorno-da-jornada-de-6-horas-no-servico-publico-estadual","status":"publish","type":"post","link":"https:\/\/dgospel.com.br\/portal\/index.php\/2021\/10\/26\/governador-wanderlei-barbosa-anuncia-retorno-da-jornada-de-6-horas-no-servico-publico-estadual\/","title":{"rendered":"Governador Wanderlei Barbosa anuncia retorno da jornada de 6 horas no servi\u00e7o p\u00fablico estadual"},"content":{"rendered":"\n<p>O governador em exerc\u00edcio do Estado do Tocantins, Wanderlei Barbosa, anunciou que vai discutir com a Secretaria de Estado da Administra\u00e7\u00e3o e com sindicatos que representam os servidores p\u00fablicos estaduais o retorno da jornada de 6 horas. O an\u00fancio foi feito durante as boas-vindas ao novo secret\u00e1rio de Estado da Seguran\u00e7a P\u00fablica, Wlademir Costa Mota Oliveira, na Cidade da Pol\u00edcia, nesta ter\u00e7a-feira, 26.<\/p>\n\n\n\n<p>\u201cEu quero debater se as 6 horas corridas foram importantes para os trabalhadores e sem preju\u00edzos para o Tocantins. Voc\u00eas podem ter certeza de que n\u00f3s discutiremos o assunto nos pr\u00f3ximos tr\u00eas dias. Se for importante para os servidores \u00e9 importante para o Governo ter 6 horas corridas para que eles trabalhem de maneira que sejam produtivos e tamb\u00e9m tenham mais conforto na sua vida profissional\u201d, destacou o Governador.<\/p>\n\n\n\n<p>Com a ado\u00e7\u00e3o da jornada de 6 horas, o hor\u00e1rio fixado para cumprimento da carga hor\u00e1ria nas unidades da administra\u00e7\u00e3o p\u00fablica direta e indireta do Poder Executivo Estadual \u00e9 das 8 \u00e0s 14 horas. No entanto, os dirigentes dos \u00f3rg\u00e3os p\u00fablicos podem organizar jornada laboral alternativa, no turno da tarde, das 14 \u00e0s 20 horas, a fim de se evitar a aglomera\u00e7\u00e3o de pessoas.<\/p>\n\n\n\n<p>A medida n\u00e3o se aplica ao&nbsp;<em>\u00c9 Pra J\u00e1<\/em>&nbsp;e outras unidades cujo servidores j\u00e1 cumprem a jornada laboral em turnos, de segunda \u00e0 sexta-feira, das 7 \u00e0s 13 horas, e das 13 \u00e0s 19 horas; e aos s\u00e1bados, das 8 \u00e0s 12 horas.<\/p>\n\n\n\n<figure class=\"wp-block-image\"><img src=\"https:\/\/central.to.gov.br\/image\/267670?w=565&amp;h=349\" alt=\"\"\/><\/figure>\n\n\n\n<p>Governador Wanderlei Barbosa d\u00e1 as boas-vindas ao novo secret\u00e1rio de Estado da Seguran\u00e7a P\u00fablica, Wlademir Costa, na manh\u00e3 desta ter\u00e7a-feira, 26, na Cidade da Pol\u00edcia &#8211; Whashington Lu\u00eds\/Governo do Tocantins\n\n<\/p>\n","protected":false},"excerpt":{"rendered":"<p>O governador em exerc\u00edcio do Estado do Tocantins, Wanderlei Barbosa, anunciou que vai discutir com a Secretaria de Estado da Administra\u00e7\u00e3o e com sindicatos que representam os servidores p\u00fablicos estaduais o retorno da jornada de 6 horas. O an\u00fancio foi feito durante as boas-vindas ao novo secret\u00e1rio de Estado da Seguran\u00e7a P\u00fablica, Wlademir Costa Mota [&hellip;]<\/p>\n","protected":false},"author":2,"featured_media":9690,"comment_status":"open","ping_status":"open","sticky":false,"template":"","format":"standard","meta":[],"categories":[3],"tags":[13],"_links":{"self":[{"href":"https:\/\/dgospel.com.br\/portal\/index.php\/wp-json\/wp\/v2\/posts\/9689"}],"collection":[{"href":"https:\/\/dgospel.com.br\/portal\/index.php\/wp-json\/wp\/v2\/posts"}],"about":[{"href":"https:\/\/dgospel.com.br\/portal\/index.php\/wp-json\/wp\/v2\/types\/post"}],"author":[{"embeddable":true,"href":"https:\/\/dgospel.com.br\/portal\/index.php\/wp-json\/wp\/v2\/users\/2"}],"replies":[{"embeddable":true,"href":"https:\/\/dgospel.com.br\/portal\/index.php\/wp-json\/wp\/v2\/comments?post=9689"}],"version-history":[{"count":1,"href":"https:\/\/dgospel.com.br\/portal\/index.php\/wp-json\/wp\/v2\/posts\/9689\/revisions"}],"predecessor-version":[{"id":9691,"href":"https:\/\/dgospel.com.br\/portal\/index.php\/wp-json\/wp\/v2\/posts\/9689\/revisions\/9691"}],"wp:featuredmedia":[{"embeddable":true,"href":"https:\/\/dgospel.com.br\/portal\/index.php\/wp-json\/wp\/v2\/media\/9690"}],"wp:attachment":[{"href":"https:\/\/dgospel.com.br\/portal\/index.php\/wp-json\/wp\/v2\/media?parent=9689"}],"wp:term":[{"taxonomy":"category","embeddable":true,"href":"https:\/\/dgospel.com.br\/portal\/index.php\/wp-json\/wp\/v2\/categories?post=9689"},{"taxonomy":"post_tag","embeddable":true,"href":"https:\/\/dgospel.com.br\/portal\/index.php\/wp-json\/wp\/v2\/tags?post=9689"}],"curies":[{"name":"wp","href":"https:\/\/api.w.org\/{rel}","templated":true}]}}