{"id":9692,"date":"2021-10-27T15:47:17","date_gmt":"2021-10-27T18:47:17","guid":{"rendered":"http:\/\/dgospel.com.br\/portal\/?p=9692"},"modified":"2021-10-27T15:47:19","modified_gmt":"2021-10-27T18:47:19","slug":"uchoa-conquista-a-aprovacao-de-mais-um-projeto-de-lei","status":"publish","type":"post","link":"https:\/\/dgospel.com.br\/portal\/index.php\/2021\/10\/27\/uchoa-conquista-a-aprovacao-de-mais-um-projeto-de-lei\/","title":{"rendered":"Uch\u00f4a conquista a aprova\u00e7\u00e3o de mais um Projeto de Lei"},"content":{"rendered":"\n<p>O vereador Rubens Uch\u00f4a\nconquistou a aprova\u00e7\u00e3o de um Projeto de Lei de sua autoria, onde institui a\ncria\u00e7\u00e3o da Semana de Preven\u00e7\u00e3o ao Diabetes nas Escolas Municipais de Palmas.<\/p>\n\n\n\n<p>Uch\u00f4a comentou que diabetes \u00e9 uma doen\u00e7a bastante comum. Segundo\ndados da Organiza\u00e7\u00e3o Mundial da Sa\u00fade, no Brasil, cerca de 10 milh\u00f5es de\npessoas t\u00eam diabetes e metade delas desconhece sua condi\u00e7\u00e3o. Para descobrir se\na crian\u00e7a tem diabetes \u00e9 importante saber como identificar os sintomas. Alguns\ndeles s\u00e3o caracterizados pelo excesso de sede e de urina, e pela perda de peso.\nPor exemplo, algumas crian\u00e7as voltam a urinar na cama ou acordam com frequ\u00eancia\npara beber \u00e1gua no decorrer da madrugada.<\/p>\n\n\n\n<p>\u201cEste tipo de informa\u00e7\u00e3o precisa chegar aos pais e as crian\u00e7as\npara que possa ser combatida logo cedo. Por isso, essa Semana ser\u00e1\nimportant\u00edssima para a conscientiza\u00e7\u00e3o da popula\u00e7\u00e3o Palmense\u201d concluiu Rubens\nUch\u00f4a.<\/p>\n\n\n\n<p>Fonte: primeirapagina<\/p>\n","protected":false},"excerpt":{"rendered":"<p>O vereador Rubens Uch\u00f4a conquistou a aprova\u00e7\u00e3o de um Projeto de Lei de sua autoria, onde institui a cria\u00e7\u00e3o da Semana de Preven\u00e7\u00e3o ao Diabetes nas Escolas Municipais de Palmas. Uch\u00f4a comentou que diabetes \u00e9 uma doen\u00e7a bastante comum. Segundo dados da Organiza\u00e7\u00e3o Mundial da Sa\u00fade, no Brasil, cerca de 10 milh\u00f5es de pessoas t\u00eam [&hellip;]<\/p>\n","protected":false},"author":2,"featured_media":9693,"comment_status":"open","ping_status":"open","sticky":false,"template":"","format":"standard","meta":[],"categories":[8],"tags":[],"_links":{"self":[{"href":"https:\/\/dgospel.com.br\/portal\/index.php\/wp-json\/wp\/v2\/posts\/9692"}],"collection":[{"href":"https:\/\/dgospel.com.br\/portal\/index.php\/wp-json\/wp\/v2\/posts"}],"about":[{"href":"https:\/\/dgospel.com.br\/portal\/index.php\/wp-json\/wp\/v2\/types\/post"}],"author":[{"embeddable":true,"href":"https:\/\/dgospel.com.br\/portal\/index.php\/wp-json\/wp\/v2\/users\/2"}],"replies":[{"embeddable":true,"href":"https:\/\/dgospel.com.br\/portal\/index.php\/wp-json\/wp\/v2\/comments?post=9692"}],"version-history":[{"count":1,"href":"https:\/\/dgospel.com.br\/portal\/index.php\/wp-json\/wp\/v2\/posts\/9692\/revisions"}],"predecessor-version":[{"id":9694,"href":"https:\/\/dgospel.com.br\/portal\/index.php\/wp-json\/wp\/v2\/posts\/9692\/revisions\/9694"}],"wp:featuredmedia":[{"embeddable":true,"href":"https:\/\/dgospel.com.br\/portal\/index.php\/wp-json\/wp\/v2\/media\/9693"}],"wp:attachment":[{"href":"https:\/\/dgospel.com.br\/portal\/index.php\/wp-json\/wp\/v2\/media?parent=9692"}],"wp:term":[{"taxonomy":"category","embeddable":true,"href":"https:\/\/dgospel.com.br\/portal\/index.php\/wp-json\/wp\/v2\/categories?post=9692"},{"taxonomy":"post_tag","embeddable":true,"href":"https:\/\/dgospel.com.br\/portal\/index.php\/wp-json\/wp\/v2\/tags?post=9692"}],"curies":[{"name":"wp","href":"https:\/\/api.w.org\/{rel}","templated":true}]}}