{"id":970,"date":"2018-08-10T16:39:16","date_gmt":"2018-08-10T19:39:16","guid":{"rendered":"http:\/\/dgospel.com.br\/portal\/?p=970"},"modified":"2018-08-10T16:39:16","modified_gmt":"2018-08-10T19:39:16","slug":"conselho-de-pastores-de-miracema-realiza-primeiro-festival-de-musica-gospel-municipal","status":"publish","type":"post","link":"https:\/\/dgospel.com.br\/portal\/index.php\/2018\/08\/10\/conselho-de-pastores-de-miracema-realiza-primeiro-festival-de-musica-gospel-municipal\/","title":{"rendered":"Conselho de Pastores de Miracema realiza Primeiro Festival de M\u00fasica Gospel Municipal"},"content":{"rendered":"<p>O Conselho de Pastores de Miracema realiza no dia 11 de agosto o Primeiro Festival de M\u00fasica Gospel Municipal, que ir\u00e1 selecionar 3 cantores para integrar as apresenta\u00e7\u00f5es do Dia Municipal do Evang\u00e9lico. O evento ser\u00e1 realizado na Igreja Crist\u00e3 Evang\u00e9lica, que fica localizada na Av. Zeca Pereira, em frente \u00e0 garagem da empresa Capital Tur.<\/p>\n<p>&nbsp;<\/p>\n<p>As igrejas evang\u00e9licas da cidade foram convidadas para enviar seus cantores e bandas para participarem do Festival, que tem por principal objetivo valorizar os talentos gospel de Miracema e dar oportunidade a eles para se apresentarem no dia do Evang\u00e9lico, segundo o Presidente do Conselho de Pastores, Pr. Marcelo Borge.<\/p>\n<p>&nbsp;<\/p>\n<p>As inscri\u00e7\u00f5es para o Festival foram feitas exclusivamente atrav\u00e9s da internet at\u00e9 o dia 08 de agosto, na p\u00e1gina do Copamem no Facebook, no qual o candidato preencheu todas as informa\u00e7\u00f5es solicitadas e no ato da inscri\u00e7\u00e3o apresentou carta de recomenda\u00e7\u00e3o do pastor de sua Igreja.<\/p>\n<p>&nbsp;<\/p>\n<p><strong>\u00a0DIA MUNICIPAL DO EVANG\u00c9LICO <\/strong><\/p>\n<p>&nbsp;<\/p>\n<p>O dia Municipal do Evang\u00e9lico \u00e9 um evento local para o p\u00fablico evang\u00e9lico, realizado todos os anos na cidade de Miracema no dia 24 de agosto, antecedendo o anivers\u00e1rio da cidade, que ocorre no dia 25.<\/p>\n<p>&nbsp;<\/p>\n<p>Esta \u00e9 a 15\u00aa Edi\u00e7\u00e3o do Dia Municipal do Evang\u00e9lico, desde que tornou-se parte do calend\u00e1rio municipal, em 2003, atrav\u00e9s do ent\u00e3o vereador, Manoelzinho da Sucam. O evento j\u00e1 trouxe diversos cantores e bandas globais, como Rayssa e Ravel, Ouvir e Crer,\u00a0 Discopraise, Davi Sacer e Banda Som e Louvor e j\u00e1 reuniu um p\u00fablico de cerca de 30 mil pessoas.<\/p>\n<p>&nbsp;<\/p>\n<p>Por Leonardo Pontes<\/p>\n<p>&nbsp;<\/p>\n","protected":false},"excerpt":{"rendered":"<p>O Conselho de Pastores de Miracema realiza no dia 11 de agosto o Primeiro Festival de M\u00fasica Gospel Municipal, que ir\u00e1 selecionar 3 cantores para integrar as apresenta\u00e7\u00f5es do Dia Municipal do Evang\u00e9lico. O evento ser\u00e1 realizado na Igreja Crist\u00e3 Evang\u00e9lica, que fica localizada na Av. Zeca Pereira, em frente \u00e0 garagem da empresa Capital [&hellip;]<\/p>\n","protected":false},"author":2,"featured_media":971,"comment_status":"open","ping_status":"open","sticky":false,"template":"","format":"standard","meta":[],"categories":[2,5],"tags":[],"_links":{"self":[{"href":"https:\/\/dgospel.com.br\/portal\/index.php\/wp-json\/wp\/v2\/posts\/970"}],"collection":[{"href":"https:\/\/dgospel.com.br\/portal\/index.php\/wp-json\/wp\/v2\/posts"}],"about":[{"href":"https:\/\/dgospel.com.br\/portal\/index.php\/wp-json\/wp\/v2\/types\/post"}],"author":[{"embeddable":true,"href":"https:\/\/dgospel.com.br\/portal\/index.php\/wp-json\/wp\/v2\/users\/2"}],"replies":[{"embeddable":true,"href":"https:\/\/dgospel.com.br\/portal\/index.php\/wp-json\/wp\/v2\/comments?post=970"}],"version-history":[{"count":1,"href":"https:\/\/dgospel.com.br\/portal\/index.php\/wp-json\/wp\/v2\/posts\/970\/revisions"}],"predecessor-version":[{"id":972,"href":"https:\/\/dgospel.com.br\/portal\/index.php\/wp-json\/wp\/v2\/posts\/970\/revisions\/972"}],"wp:featuredmedia":[{"embeddable":true,"href":"https:\/\/dgospel.com.br\/portal\/index.php\/wp-json\/wp\/v2\/media\/971"}],"wp:attachment":[{"href":"https:\/\/dgospel.com.br\/portal\/index.php\/wp-json\/wp\/v2\/media?parent=970"}],"wp:term":[{"taxonomy":"category","embeddable":true,"href":"https:\/\/dgospel.com.br\/portal\/index.php\/wp-json\/wp\/v2\/categories?post=970"},{"taxonomy":"post_tag","embeddable":true,"href":"https:\/\/dgospel.com.br\/portal\/index.php\/wp-json\/wp\/v2\/tags?post=970"}],"curies":[{"name":"wp","href":"https:\/\/api.w.org\/{rel}","templated":true}]}}