{"id":9702,"date":"2021-10-28T09:04:26","date_gmt":"2021-10-28T12:04:26","guid":{"rendered":"http:\/\/dgospel.com.br\/portal\/?p=9702"},"modified":"2021-10-28T09:04:27","modified_gmt":"2021-10-28T12:04:27","slug":"bolsonaro-critica-alcolumbre-e-diz-nao-desistirei-do-mendonca","status":"publish","type":"post","link":"https:\/\/dgospel.com.br\/portal\/index.php\/2021\/10\/28\/bolsonaro-critica-alcolumbre-e-diz-nao-desistirei-do-mendonca\/","title":{"rendered":"Bolsonaro critica Alcolumbre e diz: \u2018N\u00e3o desistirei do Mendon\u00e7a\u2019"},"content":{"rendered":"\n<p>O presidente Jair Bolsonaro se queixou nesta quarta-feira, 27, da postura do senador Davi Alcolumbre (DEM-AP), que \u201csentou em cima\u201d da indica\u00e7\u00e3o de Andr\u00e9 Mendon\u00e7a ao Supremo Tribunal Federal (STF). Ainda assim, o chefe do Executivo repetiu que n\u00e3o vai retirar o nome do ex-ministro da Justi\u00e7a.<\/p>\n\n\n\n<p>\u2013 Alcolumbre foi excepcional comigo no Congresso, por que essa rejei\u00e7\u00e3o agora? N\u00e3o votar \u00e9 uma tortura, o que Andr\u00e9 fez de errado? \u2013 questionou Bolsonaro em entrevista \u00e0 TV Boas Novas, do Amazonas.<\/p>\n\n\n\n<p>\u201cN\u00e3o vou desistir de Andr\u00e9 Mendon\u00e7a\u201d, garantiu, em seguida.<\/p>\n\n\n\n<p>Presidente da Comiss\u00e3o de Constitui\u00e7\u00e3o e Justi\u00e7a (CCJ) do Senado, Alcolumbre segura a indica\u00e7\u00e3o de Mendon\u00e7a h\u00e1 mais de 100 dias e ainda n\u00e3o marcou a sabatina do pastor presbiteriano.<\/p>\n\n\n\n<p>Foi a quarta entrevista de Bolsonaro s\u00f3 nesta quarta-feira. Nenhuma delas foi informada previamente na agenda oficial.<\/p>\n","protected":false},"excerpt":{"rendered":"<p>O presidente Jair Bolsonaro se queixou nesta quarta-feira, 27, da postura do senador Davi Alcolumbre (DEM-AP), que \u201csentou em cima\u201d da indica\u00e7\u00e3o de Andr\u00e9 Mendon\u00e7a ao Supremo Tribunal Federal (STF). Ainda assim, o chefe do Executivo repetiu que n\u00e3o vai retirar o nome do ex-ministro da Justi\u00e7a. \u2013 Alcolumbre foi excepcional comigo no Congresso, por [&hellip;]<\/p>\n","protected":false},"author":2,"featured_media":9703,"comment_status":"open","ping_status":"open","sticky":false,"template":"","format":"standard","meta":[],"categories":[4],"tags":[13],"_links":{"self":[{"href":"https:\/\/dgospel.com.br\/portal\/index.php\/wp-json\/wp\/v2\/posts\/9702"}],"collection":[{"href":"https:\/\/dgospel.com.br\/portal\/index.php\/wp-json\/wp\/v2\/posts"}],"about":[{"href":"https:\/\/dgospel.com.br\/portal\/index.php\/wp-json\/wp\/v2\/types\/post"}],"author":[{"embeddable":true,"href":"https:\/\/dgospel.com.br\/portal\/index.php\/wp-json\/wp\/v2\/users\/2"}],"replies":[{"embeddable":true,"href":"https:\/\/dgospel.com.br\/portal\/index.php\/wp-json\/wp\/v2\/comments?post=9702"}],"version-history":[{"count":1,"href":"https:\/\/dgospel.com.br\/portal\/index.php\/wp-json\/wp\/v2\/posts\/9702\/revisions"}],"predecessor-version":[{"id":9704,"href":"https:\/\/dgospel.com.br\/portal\/index.php\/wp-json\/wp\/v2\/posts\/9702\/revisions\/9704"}],"wp:featuredmedia":[{"embeddable":true,"href":"https:\/\/dgospel.com.br\/portal\/index.php\/wp-json\/wp\/v2\/media\/9703"}],"wp:attachment":[{"href":"https:\/\/dgospel.com.br\/portal\/index.php\/wp-json\/wp\/v2\/media?parent=9702"}],"wp:term":[{"taxonomy":"category","embeddable":true,"href":"https:\/\/dgospel.com.br\/portal\/index.php\/wp-json\/wp\/v2\/categories?post=9702"},{"taxonomy":"post_tag","embeddable":true,"href":"https:\/\/dgospel.com.br\/portal\/index.php\/wp-json\/wp\/v2\/tags?post=9702"}],"curies":[{"name":"wp","href":"https:\/\/api.w.org\/{rel}","templated":true}]}}