{"id":9705,"date":"2021-10-28T09:21:46","date_gmt":"2021-10-28T12:21:46","guid":{"rendered":"http:\/\/dgospel.com.br\/portal\/?p=9705"},"modified":"2021-10-28T09:21:47","modified_gmt":"2021-10-28T12:21:47","slug":"presidente-jair-bolsonaro-participa-de-consagracao-de-pastores-no-amazonas","status":"publish","type":"post","link":"https:\/\/dgospel.com.br\/portal\/index.php\/2021\/10\/28\/presidente-jair-bolsonaro-participa-de-consagracao-de-pastores-no-amazonas\/","title":{"rendered":"Presidente Jair Bolsonaro participa de consagra\u00e7\u00e3o de pastores no Amazonas"},"content":{"rendered":"\n<p>Nesta quarta-feira (27), o presidente Jair Bolsonaro participou\nda 1\u00aa Consagra\u00e7\u00e3o P\u00fablica de Pastores do Amazonas. O evento aconteceu em\nManaus, no Centro de Conven\u00e7\u00f5es Vasco Vasques.<\/p>\n\n\n\n<p>Bolsonaro discursou e destacou que foi o \u00fanico chefe de Estado a combater o \u201cv\u00edrus do desemprego\u201d,<\/p>\n\n\n\n<p><\/p>\n\n\n\n<figure class=\"wp-block-image\"><img loading=\"lazy\" width=\"1024\" height=\"576\" src=\"http:\/\/dgospel.com.br\/portal\/wp-content\/uploads\/2021\/10\/00000000000000000000000-1024x576.jpg\" alt=\"\" class=\"wp-image-9707\" srcset=\"https:\/\/dgospel.com.br\/portal\/wp-content\/uploads\/2021\/10\/00000000000000000000000-1024x576.jpg 1024w, https:\/\/dgospel.com.br\/portal\/wp-content\/uploads\/2021\/10\/00000000000000000000000-300x169.jpg 300w, https:\/\/dgospel.com.br\/portal\/wp-content\/uploads\/2021\/10\/00000000000000000000000-768x432.jpg 768w, https:\/\/dgospel.com.br\/portal\/wp-content\/uploads\/2021\/10\/00000000000000000000000.jpg 1200w\" sizes=\"(max-width: 1024px) 100vw, 1024px\" \/><\/figure>\n\n\n\n<p>\u2013 A liberdade voc\u00ea n\u00e3o perde de uma hora pra outra. Olha a\nimport\u00e2ncia das elei\u00e7\u00f5es do ano que vem. Quem for eleito indica dois nomes para\no Supremo. \u00c9 saud\u00e1vel fazer renova\u00e7\u00e3o no Legislativo e Judici\u00e1rio. Veja o que\naconteceu com a Venezuela, um pa\u00eds riqu\u00edssimo da Am\u00e9rica do Sul, e para onde\nfoi? (\u2026) Eu quero contribuir com meu Brasil. N\u00e3o desejo que as mentes mais\nbrilhantes, as pessoas mais excepcionais, v\u00e3o embora, afinal queremos\ndesenvolver aqui dentro. N\u00f3s, com a gra\u00e7a de Deus, vamos vencer neste Estado e\nnesta cidade. Vamos aprender com o erro dos outros e ver o que queremos para o\nnosso pa\u00eds. Que Deus aben\u00e7oe a cada um \u2013 declarou.<\/p>\n\n\n\n<p>Ele\nfoi ovacionado e recebeu palavras de b\u00ean\u00e7\u00e3os dos participantes.<\/p>\n","protected":false},"excerpt":{"rendered":"<p>Nesta quarta-feira (27), o presidente Jair Bolsonaro participou da 1\u00aa Consagra\u00e7\u00e3o P\u00fablica de Pastores do Amazonas. O evento aconteceu em Manaus, no Centro de Conven\u00e7\u00f5es Vasco Vasques. Bolsonaro discursou e destacou que foi o \u00fanico chefe de Estado a combater o \u201cv\u00edrus do desemprego\u201d, \u2013 A liberdade voc\u00ea n\u00e3o perde de uma hora pra outra. [&hellip;]<\/p>\n","protected":false},"author":2,"featured_media":9706,"comment_status":"open","ping_status":"open","sticky":false,"template":"","format":"standard","meta":[],"categories":[5,4],"tags":[13],"_links":{"self":[{"href":"https:\/\/dgospel.com.br\/portal\/index.php\/wp-json\/wp\/v2\/posts\/9705"}],"collection":[{"href":"https:\/\/dgospel.com.br\/portal\/index.php\/wp-json\/wp\/v2\/posts"}],"about":[{"href":"https:\/\/dgospel.com.br\/portal\/index.php\/wp-json\/wp\/v2\/types\/post"}],"author":[{"embeddable":true,"href":"https:\/\/dgospel.com.br\/portal\/index.php\/wp-json\/wp\/v2\/users\/2"}],"replies":[{"embeddable":true,"href":"https:\/\/dgospel.com.br\/portal\/index.php\/wp-json\/wp\/v2\/comments?post=9705"}],"version-history":[{"count":1,"href":"https:\/\/dgospel.com.br\/portal\/index.php\/wp-json\/wp\/v2\/posts\/9705\/revisions"}],"predecessor-version":[{"id":9708,"href":"https:\/\/dgospel.com.br\/portal\/index.php\/wp-json\/wp\/v2\/posts\/9705\/revisions\/9708"}],"wp:featuredmedia":[{"embeddable":true,"href":"https:\/\/dgospel.com.br\/portal\/index.php\/wp-json\/wp\/v2\/media\/9706"}],"wp:attachment":[{"href":"https:\/\/dgospel.com.br\/portal\/index.php\/wp-json\/wp\/v2\/media?parent=9705"}],"wp:term":[{"taxonomy":"category","embeddable":true,"href":"https:\/\/dgospel.com.br\/portal\/index.php\/wp-json\/wp\/v2\/categories?post=9705"},{"taxonomy":"post_tag","embeddable":true,"href":"https:\/\/dgospel.com.br\/portal\/index.php\/wp-json\/wp\/v2\/tags?post=9705"}],"curies":[{"name":"wp","href":"https:\/\/api.w.org\/{rel}","templated":true}]}}