{"id":9715,"date":"2021-10-29T17:06:10","date_gmt":"2021-10-29T20:06:10","guid":{"rendered":"http:\/\/dgospel.com.br\/portal\/?p=9715"},"modified":"2021-10-29T17:06:11","modified_gmt":"2021-10-29T20:06:11","slug":"na-linha-de-frente-pastores-foram-os-que-mais-morreram-de-covid-19-em-2020","status":"publish","type":"post","link":"https:\/\/dgospel.com.br\/portal\/index.php\/2021\/10\/29\/na-linha-de-frente-pastores-foram-os-que-mais-morreram-de-covid-19-em-2020\/","title":{"rendered":"Na linha de frente, pastores foram os que mais morreram de Covid-19 em 2020"},"content":{"rendered":"\n<p>Os l\u00edderes religiosos foram os que mais morreram de Covid-19 entre as ocupa\u00e7\u00f5es em 2020, segundo um estudo da Rede de Pesquisa Solid\u00e1ria. Entre as 29 profiss\u00f5es analisadas, com base em dados do Sistema de Informa\u00e7\u00e3o sobre Mortalidade (SIM) do Minist\u00e9rio da Sa\u00fade, a categoria foi a que apresentou maior percentual de \u00f3bitos causados pela pandemia.<\/p>\n\n\n\n\n\n<p>Dos l\u00edderes religiosos que faleceram em 2020, 44% foram v\u00edtimas da Covid-19. A taxa ultrapassa at\u00e9 mesmo o n\u00famero entre profissionais de Seguran\u00e7a (25,4%) e da Sa\u00fade (24%).<\/p>\n\n\n<p><!--EndFragment--><br>\n<br>\n<\/p>\n\n\n<figure class=\"wp-block-image\"><img src=\"https:\/\/thumbor.guiame.com.br\/unsafe\/840x500\/http:\/\/media.guiame.com.br\/archives\/2021\/10\/28\/2665614714-pastores-covid.jpg\" alt=\" L\u00edderes religiosos ficaram na frente dos profissionais de sa\u00fade e seguran\u00e7a. (Foto: IEAD Canoas).\"\/><figcaption>L\u00edderes religiosos ficaram na frente dos profissionais de sa\u00fade e seguran\u00e7a. (Foto: IEAD Canoas).<\/figcaption><\/figure>\n\n\n\n<p>Nesses 44% est\u00e3o inclu\u00eddos&nbsp;<strong><a href=\"https:\/\/www.guiame.com.br\/gospel\/missoes-acao-social\/projeto-ajuda-pastores-afetados-pela-pandemia-eles-cuidaram-hoje-precisam-ser-cuidados.html\">pastores<\/a><\/strong>&nbsp;e l\u00edderes crist\u00e3os que acabaram sua carreira, guardaram a f\u00e9 e partiram para a Eternidade. Durante os picos da&nbsp;<strong><a href=\"https:\/\/www.guiame.com.br\/gospel\/mundo-cristao\/como-igreja-lidou-com-epidemias-nos-seculos-passados-veja-exemplos-e-licoes.html\">pandemia<\/a><\/strong>&nbsp;em 2020, se tornou comum em todo o Brasil igrejas divulgarem notas de falecimento de l\u00edderes ministeriais com uma frequ\u00eancia cada vez maior.&nbsp;<\/p>\n\n\n\n<p>Homens e mulheres corajosos que n\u00e3o tiveram sua vida como preciosa e cumpriram seu pastorado at\u00e9 o fim, muitos sacrificando a pr\u00f3pria vida para salvar outras.<\/p>\n\n\n\n<p><strong>Pastores na linha de frente<\/strong><\/p>\n\n\n\n<figure class=\"wp-block-image\"><img src=\"https:\/\/thumbor.guiame.com.br\/unsafe\/smart\/https:\/\/media.guiame.com.br\/archives\/2021\/10\/28\/974359515-.jpg\" alt=\"\"\/><\/figure>\n\n\n\n<p><sup>Pastor Miguel Florentin na AD Canoas. (Foto: IEAD Canoas).<\/sup><\/p>\n\n\n\n<p>O pastor Miguel Florentin, presidente da Igreja Assembleia de Deus de Canoas (RS), lembra que os&nbsp;<strong><a href=\"https:\/\/www.guiame.com.br\/gospel\/noticias\/pesquisa-49-dos-pastores-brasileiros-estao-estressados-por-falta-de-ajuda-na-pandemia.html\">pastores n\u00e3o pararam<\/a><\/strong>&nbsp;durante a pandemia, mas continuaram trabalhando e servindo sua igreja.&nbsp;<\/p>\n\n\n\n<p>\u201cN\u00f3s n\u00e3o paramos e estamos muito expostos pelo contato com as pessoas. Eu trabalhei todos os dias, fizemos expediente normal, fora o tempo de quando tamb\u00e9m tive Covid-19\u201d, relatou o l\u00edder ao<strong>&nbsp;Guiame<\/strong>, que perdeu um pastor e um evangelista de sua congrega\u00e7\u00e3o, v\u00edtimas da doen\u00e7a.<\/p>\n\n\n\n<p>Em meio aos desafios do isolamento social e das restri\u00e7\u00f5es de abertura das igrejas, os pastores permanecem na linha de frente durante a pandemia, ministrando a fam\u00edlias enlutadas, enterrando v\u00edtimas do coronav\u00edrus e pregando a esperan\u00e7a vindoura para um mundo em desespero.&nbsp;<\/p>\n\n\n\n<p>Miguel Florentin, que possui mais de 20 anos de pastorado, destaca que quando uma igreja perde seu pastor, os fi\u00e9is sentem um impacto muito grande. \u201c\u00c9 sempre um baque para a comunidade, porque o pastor \u00e9 aquele que os amava, alimentava e animava. A igreja fica abatida\u201d, disse.<\/p>\n\n\n\n<p>\u201cPor outro lado, como Igreja, nossa f\u00e9 e esperan\u00e7a \u00e9 a vida eterna e o Senhor sempre nos consola por meio dessa verdade, que se morrermos, estaremos com Jesus\u201d, pondera o pastor Florentin.<\/p>\n\n\n\n<p><strong>Doando suas vidas como m\u00e1rtires<\/strong><\/p>\n\n\n\n<p>Nesses quase dois anos de pandemia, muitos pastores foram promovidos aos C\u00e9us por terem se infectado pela Covid-19, morrendo como verdadeiros m\u00e1rtires pelo Evangelho.&nbsp;<\/p>\n\n\n\n<p>Foi o caso do Pastor Jos\u00e9 Miranda, que liderava a Igreja Assembleia de Deus de Os\u00f3rio, no Rio Grande do Sul. O l\u00edder exerceu o minist\u00e9rio pastoral por 22 anos, ao lado de sua esposa Marilice Miranda, que tamb\u00e9m atuaram como mission\u00e1rios na Bol\u00edvia por mais de 9 anos.<\/p>\n\n\n\n<p>Marilice contou ao Guiame como foi passar pela perda do marido e pai dos seus dois filhos de forma t\u00e3o repentina. Em setembro de 2020, toda a fam\u00edlia foi contaminada com Covid, mas apenas o pastor Jos\u00e9 teve o quadro de sa\u00fade agravado.<\/p>\n\n\n\n<p>A esposa lembra que certo dia ele passou muito mal em casa e foi preciso chamar a ambul\u00e2ncia para lev\u00e1-lo ao hospital. Ent\u00e3o, Marilice, acompanhada de familiares e irm\u00e3os da igreja, ficaram em frente ao hospital, aguardando not\u00edcias do pastor Jos\u00e9. Infelizmente, ap\u00f3s duas horas de sua chegada, ele faleceu aos 51 anos.<\/p>\n\n\n\n<p>\u201cNo dia em que ele passou mal em casa, em nenhum momento me passou pela cabe\u00e7a que eu iria perd\u00ea-lo, pois ele saiu conversando\u201d, contou Marilice.<\/p>\n\n\n\n<figure class=\"wp-block-image\"><img src=\"https:\/\/thumbor.guiame.com.br\/unsafe\/smart\/https:\/\/media.guiame.com.br\/archives\/2021\/10\/28\/3131543821-.jpeg\" alt=\"\"\/><\/figure>\n\n\n\n<p><br><sup>Marilice com seu falecido esposo, Pastor Jos\u00e9, e filhos. (Foto: Arquivo pessoal).<\/sup><\/p>\n\n\n\n<p>A crist\u00e3 disse que quando o m\u00e9dico deu a not\u00edcia, todos ficaram at\u00f4nitos e muito comovidos, um dos colegas de minist\u00e9rio do Pastor Jos\u00e9 chegou a desmaiar. \u201cAt\u00e9 hoje a igreja chora a partida do meu amado esposo. O que nos conforta \u00e9 a esperan\u00e7a de um reencontro\u201d, revelou.<\/p>\n\n\n\n<p>Diante da perda t\u00e3o abrupta, a fam\u00edlia de Jos\u00e9 desmoronou, disse Marilice. Sua filha estava gr\u00e1vida de sete meses e precisou lutar para manter o beb\u00ea saud\u00e1vel, pois era muito apegada ao pai. O filho, estava com o casamento marcado e tamb\u00e9m foi impactado com o falecimento do pai, que tocava ao seu lado na orquestra da AD Os\u00f3rio.&nbsp;<\/p>\n\n\n\n<p>\u201cO luto \u00e9 uma amputa\u00e7\u00e3o, voc\u00ea precisa aprender a lidar com isso diuturnamente, porque o vazio, a sensa\u00e7\u00e3o de abandono e de impot\u00eancia s\u00e3o terr\u00edveis\u201d, declarou a vi\u00fava.<\/p>\n\n\n\n<p>Passando pelo luto, Marilice sofreu crises de ansiedade e dificuldade para dormir, e diversas vezes parou no hospital. A crist\u00e3 come\u00e7ou a fazer acompanhamento psicol\u00f3gico e tratamento para a ansiedade.&nbsp;<\/p>\n\n\n\n<p>Certo dia, em meio a tanto sofrimento, a vi\u00fava desabafou com Deus e sentiu vontade de parar de servir ao minist\u00e9rio. \u201cEu me atirei no ch\u00e3o do meu quarto e comecei a falar com Deus, dizendo: \u2018Deus n\u00e3o sobrou nada de mim, este neg\u00f3cio de ministrar era tudo coisa da minha cabe\u00e7a, e tamb\u00e9m do meu marido que me incentivava, isto de fato n\u00e3o existe. Est\u00e1 tudo enterrado com meu marido\u201d, clamou ela.<\/p>\n\n\n\n<p>Naquele momento, Marilice teve uma experi\u00eancia sobrenatural com Deus, que respondeu seu clamor, dizendo: \u201cMarilice, tu tens duas escolhas: ficar sentada a\u00ed, olhando pra tr\u00e1s e chorando, ou levantar e ir em dire\u00e7\u00e3o ao prop\u00f3sito que eu tenho pra voc\u00ea. N\u00e3o te afastes do altar, porque \u00e9 no altar que est\u00e1 a tua cura\u201d.<\/p>\n\n\n\n<p>A crist\u00e3 conta que a voz de Deus a consolou e a encorajou a se levantar e continuar seu minist\u00e9rio. \u201cO Senhor \u00e9 um Deus de prop\u00f3sitos e isto me d\u00e1 for\u00e7as para seguir em frente. Tenho uma chamada, tenho um prop\u00f3sito a cumprir, e vou cumprir at\u00e9 o final\u201d, testemunhou.<\/p>\n\n\n\n<p>Para Marilice, o pastorado \u00e9 um chamado para uma vida sacrificial. \u201cO pastor est\u00e1 \u00e0 disposi\u00e7\u00e3o de Deus e \u00e0 disposi\u00e7\u00e3o para servir o povo. Voc\u00ea vive exposto\u201d, refletiu.&nbsp;<\/p>\n\n\n\n<p>A crist\u00e3 relatou que na mesma semana que seu esposo faleceu, os dois estavam trabalhando bastante no atendimento \u00e0 igreja, auxiliando os irm\u00e3os com Covid-19 a conseguirem leitos na UTI, porque estavam morrendo no posto de sa\u00fade da cidade.<\/p>\n\n\n\n<p>\u201cMas eu sei que naquele dia, vamos dizer: valeu a pena ser fiel, valeu a pena o sacrif\u00edcio\u201d, concluiu Marilice.&nbsp;<\/p>\n","protected":false},"excerpt":{"rendered":"<p>Os l\u00edderes religiosos foram os que mais morreram de Covid-19 entre as ocupa\u00e7\u00f5es em 2020, segundo um estudo da Rede de Pesquisa Solid\u00e1ria. Entre as 29 profiss\u00f5es analisadas, com base em dados do Sistema de Informa\u00e7\u00e3o sobre Mortalidade (SIM) do Minist\u00e9rio da Sa\u00fade, a categoria foi a que apresentou maior percentual de \u00f3bitos causados pela [&hellip;]<\/p>\n","protected":false},"author":2,"featured_media":9716,"comment_status":"open","ping_status":"open","sticky":false,"template":"","format":"standard","meta":[],"categories":[5],"tags":[],"_links":{"self":[{"href":"https:\/\/dgospel.com.br\/portal\/index.php\/wp-json\/wp\/v2\/posts\/9715"}],"collection":[{"href":"https:\/\/dgospel.com.br\/portal\/index.php\/wp-json\/wp\/v2\/posts"}],"about":[{"href":"https:\/\/dgospel.com.br\/portal\/index.php\/wp-json\/wp\/v2\/types\/post"}],"author":[{"embeddable":true,"href":"https:\/\/dgospel.com.br\/portal\/index.php\/wp-json\/wp\/v2\/users\/2"}],"replies":[{"embeddable":true,"href":"https:\/\/dgospel.com.br\/portal\/index.php\/wp-json\/wp\/v2\/comments?post=9715"}],"version-history":[{"count":1,"href":"https:\/\/dgospel.com.br\/portal\/index.php\/wp-json\/wp\/v2\/posts\/9715\/revisions"}],"predecessor-version":[{"id":9717,"href":"https:\/\/dgospel.com.br\/portal\/index.php\/wp-json\/wp\/v2\/posts\/9715\/revisions\/9717"}],"wp:featuredmedia":[{"embeddable":true,"href":"https:\/\/dgospel.com.br\/portal\/index.php\/wp-json\/wp\/v2\/media\/9716"}],"wp:attachment":[{"href":"https:\/\/dgospel.com.br\/portal\/index.php\/wp-json\/wp\/v2\/media?parent=9715"}],"wp:term":[{"taxonomy":"category","embeddable":true,"href":"https:\/\/dgospel.com.br\/portal\/index.php\/wp-json\/wp\/v2\/categories?post=9715"},{"taxonomy":"post_tag","embeddable":true,"href":"https:\/\/dgospel.com.br\/portal\/index.php\/wp-json\/wp\/v2\/tags?post=9715"}],"curies":[{"name":"wp","href":"https:\/\/api.w.org\/{rel}","templated":true}]}}