{"id":9718,"date":"2021-11-01T23:58:44","date_gmt":"2021-11-02T02:58:44","guid":{"rendered":"http:\/\/dgospel.com.br\/portal\/?p=9718"},"modified":"2021-11-01T23:58:46","modified_gmt":"2021-11-02T02:58:46","slug":"pastor-antonio-xavier-participa-do-lancamento-do-novo-curriculo-da-escola-dominical-da-cpad","status":"publish","type":"post","link":"https:\/\/dgospel.com.br\/portal\/index.php\/2021\/11\/01\/pastor-antonio-xavier-participa-do-lancamento-do-novo-curriculo-da-escola-dominical-da-cpad\/","title":{"rendered":"Pastor Ant\u00f4nio Xavier participa do lan\u00e7amento do novo Curr\u00edculo da Escola Dominical da CPAD"},"content":{"rendered":"\n<p>Na manh\u00e3 desta segunda-feira (01), a\u00a0<em>Casa Publicadora das Assembleias de Deus (CPAD)<\/em>\u00a0realizou a cerim\u00f4nia de lan\u00e7amento\u00a0do novo Curr\u00edculo da Escola Dominical. O lan\u00e7amento aconteceu no templo-central da Assembleia de Deus no Belenzinho, S\u00e3o Paulo (SP).<\/p>\n\n\n\n<p><\/p>\n\n\n\n<figure class=\"wp-block-image\"><img loading=\"lazy\" width=\"768\" height=\"768\" src=\"http:\/\/dgospel.com.br\/portal\/wp-content\/uploads\/2021\/11\/0000000000000000000000000000000000000000000.jpg\" alt=\"\" class=\"wp-image-9720\" srcset=\"https:\/\/dgospel.com.br\/portal\/wp-content\/uploads\/2021\/11\/0000000000000000000000000000000000000000000.jpg 768w, https:\/\/dgospel.com.br\/portal\/wp-content\/uploads\/2021\/11\/0000000000000000000000000000000000000000000-150x150.jpg 150w, https:\/\/dgospel.com.br\/portal\/wp-content\/uploads\/2021\/11\/0000000000000000000000000000000000000000000-300x300.jpg 300w\" sizes=\"(max-width: 768px) 100vw, 768px\" \/><\/figure>\n\n\n\n<p>A cerim\u00f4nia, que iniciou com uma ora\u00e7\u00e3o do presidente da\u00a0<em>CGADB<\/em>, pastor Jos\u00e9 Wellington Costa Junior, contou com a presen\u00e7a das principais lideran\u00e7as das Assembleias de Deus no Brasil. Dentre os lideres, o pastor Ant\u00f4nio Xavier dos Santos Vale, tamb\u00e9m esteve presente no evento<em>, a convite do <\/em>presidente da\u00a0<em>CGADB<\/em>, pastor Jos\u00e9 Wellington Costa Junior.<em> <\/em><\/p>\n\n\n\n<p><\/p>\n\n\n\n<figure class=\"wp-block-image\"><img loading=\"lazy\" width=\"769\" height=\"1024\" src=\"http:\/\/dgospel.com.br\/portal\/wp-content\/uploads\/2021\/11\/00000000000000000000000000000000000000000000000000000-769x1024.jpg\" alt=\"\" class=\"wp-image-9721\" srcset=\"https:\/\/dgospel.com.br\/portal\/wp-content\/uploads\/2021\/11\/00000000000000000000000000000000000000000000000000000-769x1024.jpg 769w, https:\/\/dgospel.com.br\/portal\/wp-content\/uploads\/2021\/11\/00000000000000000000000000000000000000000000000000000-225x300.jpg 225w, https:\/\/dgospel.com.br\/portal\/wp-content\/uploads\/2021\/11\/00000000000000000000000000000000000000000000000000000-768x1023.jpg 768w, https:\/\/dgospel.com.br\/portal\/wp-content\/uploads\/2021\/11\/00000000000000000000000000000000000000000000000000000.jpg 868w\" sizes=\"(max-width: 769px) 100vw, 769px\" \/><figcaption>  Pastor Ant\u00f4nio Xavier dos Santos Vale \u00e9 recepcionado pelo presidente de honra  da\u00a0<em>CGADB<\/em>, pastor Jos\u00e9 Wellington Bezerra da Costa <\/figcaption><\/figure>\n\n\n\n<p><em>O pastor \u00e9 <\/em>Ant\u00f4nio\nXavier, que \u00e9 considerado uma refer\u00eancia de<em>\nintegridade e conservador da s\u00e3 doutrina,<\/em> \u00e9 presidente da Assembleia\nde Deus Palmas Centro, primeiro vice-Presidente da CIADSETA, e a\nmais de 30 anos faz parte do Conselho de Doutrina da <em>CGADB,\num dos mais importante Conselho da entidade.<\/em><em><\/em><\/p>\n\n\n\n<p>O novo\ncurr\u00edculo de Escola Dominical, vem com novos temas e novos comentaristas na\nfaixa infanto-juvenil, com um design e recursos nas revistas sintonizados com o\nque h\u00e1 de mais atual na \u00e1rea de educa\u00e7\u00e3o. \u00c9 novo em tudo: novo no conte\u00fado, nas\ntem\u00e1ticas, tanto para os adultos quanto para os jovens, adolescentes e<br>\npr\u00e9-adolescentes; e novo nas hist\u00f3rias para as\ncrian\u00e7as, nas ilustra\u00e7\u00f5es, tanto nas revistas quanto nos visuais de aux\u00edlio\npara os professores.<\/p>\n","protected":false},"excerpt":{"rendered":"<p>Na manh\u00e3 desta segunda-feira (01), a\u00a0Casa Publicadora das Assembleias de Deus (CPAD)\u00a0realizou a cerim\u00f4nia de lan\u00e7amento\u00a0do novo Curr\u00edculo da Escola Dominical. O lan\u00e7amento aconteceu no templo-central da Assembleia de Deus no Belenzinho, S\u00e3o Paulo (SP). A cerim\u00f4nia, que iniciou com uma ora\u00e7\u00e3o do presidente da\u00a0CGADB, pastor Jos\u00e9 Wellington Costa Junior, contou com a presen\u00e7a das [&hellip;]<\/p>\n","protected":false},"author":2,"featured_media":9719,"comment_status":"open","ping_status":"open","sticky":false,"template":"","format":"standard","meta":[],"categories":[5],"tags":[],"_links":{"self":[{"href":"https:\/\/dgospel.com.br\/portal\/index.php\/wp-json\/wp\/v2\/posts\/9718"}],"collection":[{"href":"https:\/\/dgospel.com.br\/portal\/index.php\/wp-json\/wp\/v2\/posts"}],"about":[{"href":"https:\/\/dgospel.com.br\/portal\/index.php\/wp-json\/wp\/v2\/types\/post"}],"author":[{"embeddable":true,"href":"https:\/\/dgospel.com.br\/portal\/index.php\/wp-json\/wp\/v2\/users\/2"}],"replies":[{"embeddable":true,"href":"https:\/\/dgospel.com.br\/portal\/index.php\/wp-json\/wp\/v2\/comments?post=9718"}],"version-history":[{"count":1,"href":"https:\/\/dgospel.com.br\/portal\/index.php\/wp-json\/wp\/v2\/posts\/9718\/revisions"}],"predecessor-version":[{"id":9722,"href":"https:\/\/dgospel.com.br\/portal\/index.php\/wp-json\/wp\/v2\/posts\/9718\/revisions\/9722"}],"wp:featuredmedia":[{"embeddable":true,"href":"https:\/\/dgospel.com.br\/portal\/index.php\/wp-json\/wp\/v2\/media\/9719"}],"wp:attachment":[{"href":"https:\/\/dgospel.com.br\/portal\/index.php\/wp-json\/wp\/v2\/media?parent=9718"}],"wp:term":[{"taxonomy":"category","embeddable":true,"href":"https:\/\/dgospel.com.br\/portal\/index.php\/wp-json\/wp\/v2\/categories?post=9718"},{"taxonomy":"post_tag","embeddable":true,"href":"https:\/\/dgospel.com.br\/portal\/index.php\/wp-json\/wp\/v2\/tags?post=9718"}],"curies":[{"name":"wp","href":"https:\/\/api.w.org\/{rel}","templated":true}]}}