{"id":973,"date":"2018-08-10T16:43:06","date_gmt":"2018-08-10T19:43:06","guid":{"rendered":"http:\/\/dgospel.com.br\/portal\/?p=973"},"modified":"2018-08-10T16:50:00","modified_gmt":"2018-08-10T19:50:00","slug":"igreja-getsemani-promove-congresso-de-homens-e-mulheres-em-palmas","status":"publish","type":"post","link":"https:\/\/dgospel.com.br\/portal\/index.php\/2018\/08\/10\/igreja-getsemani-promove-congresso-de-homens-e-mulheres-em-palmas\/","title":{"rendered":"Igreja Gets\u00eamani promove Congresso de Homens e Mulheres em Palmas"},"content":{"rendered":"<p class=\"yiv4562941468msonormal\" style=\"text-align: justify; line-height: 12.65pt; background: white; margin: 0cm 0cm 10.0pt 0cm;\"><span style=\"font-family: 'Arial','sans-serif'; color: #26282a;\">A Igreja Batista Gets\u00eamani, em Palmas, se prepara para a realiza\u00e7\u00e3o do Congresso de Homens e Mulheres \u2013 \u201cSegredos do cora\u00e7\u00e3o de Deus, Ele revela aos que o buscam\u201d, que ocorre nos dias 31 de agosto e 1\u00ba de setembro, em sua sede, localizada da quadra 206 Sul.<\/span><\/p>\n<p class=\"yiv4562941468msonormal\" style=\"text-align: justify; line-height: 12.65pt; background: white; font-variant-ligatures: normal; font-variant-caps: normal; orphans: 2; widows: 2; -webkit-text-stroke-width: 0px; text-decoration-style: initial; text-decoration-color: initial; word-spacing: 0px; margin: 0cm 0cm 10.0pt 0cm;\"><span style=\"font-family: 'Arial','sans-serif'; color: #26282a;\">O evento ter\u00e1 como preletores o casal de pastores Viviane Martinello e Telmo Martinello, de Crici\u00fama, Santa Catarina.<\/span><\/p>\n<p class=\"yiv4562941468msonormal\" style=\"text-align: justify; line-height: 12.65pt; background: white; font-variant-ligatures: normal; font-variant-caps: normal; orphans: 2; widows: 2; -webkit-text-stroke-width: 0px; text-decoration-style: initial; text-decoration-color: initial; word-spacing: 0px; margin: 0cm 0cm 10.0pt 0cm;\"><span style=\"font-family: 'Arial','sans-serif'; color: #26282a;\">Sobre os preletores<\/span><\/p>\n<p class=\"yiv4562941468msonormal\" style=\"text-align: justify; line-height: 12.65pt; background: white; font-variant-ligatures: normal; font-variant-caps: normal; orphans: 2; widows: 2; -webkit-text-stroke-width: 0px; text-decoration-style: initial; text-decoration-color: initial; word-spacing: 0px; margin: 0cm 0cm 10.0pt 0cm;\"><span style=\"font-family: 'Arial','sans-serif'; color: #26282a;\">Eles pastoreiam a igreja Abba Pai Church, em Crici\u00fama, Santa Catarina. S\u00e3o casados h\u00e1 18 anos e s\u00e3o pais de Vit\u00f3ria e Isabela.<\/span><\/p>\n<p class=\"yiv4562941468msonormal\" style=\"text-align: justify; line-height: 12.65pt; background: white; font-variant-ligatures: normal; font-variant-caps: normal; orphans: 2; widows: 2; -webkit-text-stroke-width: 0px; text-decoration-style: initial; text-decoration-color: initial; word-spacing: 0px; margin: 0cm 0cm 10.0pt 0cm;\"><span style=\"font-family: 'Arial','sans-serif'; color: #26282a;\">Convertido ao cristianismo aos 18 anos, Telmo Martinello exerce pastoreio desde os 24 anos. J\u00e1 foi coordenador da Escola do Clamor de Belo Horizonte \u2013 MG. \u00c9 autor do livro Li\u00e7\u00f5es do Meu Jardim.<\/span><\/p>\n<p class=\"yiv4562941468msonormal\" style=\"text-align: justify; line-height: 12.65pt; background: white; font-variant-ligatures: normal; font-variant-caps: normal; orphans: 2; widows: 2; -webkit-text-stroke-width: 0px; text-decoration-style: initial; text-decoration-color: initial; word-spacing: 0px; margin: 0cm 0cm 10.0pt 0cm;\"><span style=\"font-family: 'Arial','sans-serif'; color: #26282a;\">Viviane Martinello \u00e9 colaboradora do Blog Esposas que Oram, com diversas ministra\u00e7\u00f5es direcionadas a mulheres. \u00c9 dela a narra\u00e7\u00e3o de in\u00fameros \u00e1udiobooks compartilhados por milhares de mulheres em grupos de ora\u00e7\u00e3o das igrejas.<\/span><\/p>\n<p class=\"yiv4562941468msonormal\" style=\"text-align: justify; line-height: 12.65pt; background: white; font-variant-ligatures: normal; font-variant-caps: normal; orphans: 2; widows: 2; -webkit-text-stroke-width: 0px; text-decoration-style: initial; text-decoration-color: initial; word-spacing: 0px; margin: 0cm 0cm 10.0pt 0cm;\"><b><span style=\"font-family: 'Arial','sans-serif'; color: #26282a;\">Programa\u00e7\u00e3o:<\/span><\/b><\/p>\n<p class=\"yiv4562941468msonormal\" style=\"text-align: justify; line-height: 12.65pt; background: white; font-variant-ligatures: normal; font-variant-caps: normal; orphans: 2; widows: 2; -webkit-text-stroke-width: 0px; text-decoration-style: initial; text-decoration-color: initial; word-spacing: 0px; margin: 0cm 0cm 10.0pt 0cm;\"><span style=\"font-family: 'Arial','sans-serif'; color: #26282a;\">Dia 31 &#8211; 19h<\/span><\/p>\n<p class=\"yiv4562941468msonormal\" style=\"text-align: justify; line-height: 12.65pt; background: white; font-variant-ligatures: normal; font-variant-caps: normal; orphans: 2; widows: 2; -webkit-text-stroke-width: 0px; text-decoration-style: initial; text-decoration-color: initial; word-spacing: 0px; margin: 0cm 0cm 10.0pt 0cm;\"><span style=\"font-family: 'Arial','sans-serif'; color: #26282a;\">Dia 01 &#8211; 17h \u00e0s 19h (Intervalo de 30 min)<\/span><\/p>\n<p class=\"yiv4562941468msonormal\" style=\"text-align: justify; line-height: 12.65pt; background: white; font-variant-ligatures: normal; font-variant-caps: normal; orphans: 2; widows: 2; -webkit-text-stroke-width: 0px; text-decoration-style: initial; text-decoration-color: initial; word-spacing: 0px; margin: 0cm 0cm 10.0pt 0cm;\"><span style=\"font-family: 'Arial','sans-serif'; color: #26282a;\">Dia 01 &#8211; 19h30 \u00e0s 22h<\/span><\/p>\n","protected":false},"excerpt":{"rendered":"<p>A Igreja Batista Gets\u00eamani, em Palmas, se prepara para a realiza\u00e7\u00e3o do Congresso de Homens e Mulheres \u2013 \u201cSegredos do cora\u00e7\u00e3o de Deus, Ele revela aos que o buscam\u201d, que ocorre nos dias 31 de agosto e 1\u00ba de setembro, em sua sede, localizada da quadra 206 Sul. O evento ter\u00e1 como preletores o casal [&hellip;]<\/p>\n","protected":false},"author":2,"featured_media":974,"comment_status":"open","ping_status":"open","sticky":false,"template":"","format":"standard","meta":[],"categories":[2,5],"tags":[],"_links":{"self":[{"href":"https:\/\/dgospel.com.br\/portal\/index.php\/wp-json\/wp\/v2\/posts\/973"}],"collection":[{"href":"https:\/\/dgospel.com.br\/portal\/index.php\/wp-json\/wp\/v2\/posts"}],"about":[{"href":"https:\/\/dgospel.com.br\/portal\/index.php\/wp-json\/wp\/v2\/types\/post"}],"author":[{"embeddable":true,"href":"https:\/\/dgospel.com.br\/portal\/index.php\/wp-json\/wp\/v2\/users\/2"}],"replies":[{"embeddable":true,"href":"https:\/\/dgospel.com.br\/portal\/index.php\/wp-json\/wp\/v2\/comments?post=973"}],"version-history":[{"count":1,"href":"https:\/\/dgospel.com.br\/portal\/index.php\/wp-json\/wp\/v2\/posts\/973\/revisions"}],"predecessor-version":[{"id":975,"href":"https:\/\/dgospel.com.br\/portal\/index.php\/wp-json\/wp\/v2\/posts\/973\/revisions\/975"}],"wp:featuredmedia":[{"embeddable":true,"href":"https:\/\/dgospel.com.br\/portal\/index.php\/wp-json\/wp\/v2\/media\/974"}],"wp:attachment":[{"href":"https:\/\/dgospel.com.br\/portal\/index.php\/wp-json\/wp\/v2\/media?parent=973"}],"wp:term":[{"taxonomy":"category","embeddable":true,"href":"https:\/\/dgospel.com.br\/portal\/index.php\/wp-json\/wp\/v2\/categories?post=973"},{"taxonomy":"post_tag","embeddable":true,"href":"https:\/\/dgospel.com.br\/portal\/index.php\/wp-json\/wp\/v2\/tags?post=973"}],"curies":[{"name":"wp","href":"https:\/\/api.w.org\/{rel}","templated":true}]}}