{"id":9731,"date":"2021-11-03T08:30:41","date_gmt":"2021-11-03T11:30:41","guid":{"rendered":"http:\/\/dgospel.com.br\/portal\/?p=9731"},"modified":"2021-11-03T08:31:15","modified_gmt":"2021-11-03T11:31:15","slug":"governador-wanderlei-barbosa-participa-da-abertura-do-15o-festival-gastronomico-de-taquarucu","status":"publish","type":"post","link":"https:\/\/dgospel.com.br\/portal\/index.php\/2021\/11\/03\/governador-wanderlei-barbosa-participa-da-abertura-do-15o-festival-gastronomico-de-taquarucu\/","title":{"rendered":"Wanderlei Barbosa participa da abertura do 15\u00ba Festival Gastron\u00f4mico de Taquaru\u00e7u"},"content":{"rendered":"\n<p>O governador em exerc\u00edcio do Estado do Tocantins, Wanderlei Barbosa, ao lado da prefeita de Palmas, Cinthia Ribeiro, participou na noite desta sexta-feira, 29, da abertura do 15\u00ba Festival Gastron\u00f4mico de Taquaru\u00e7u. Na chegada, o Governador com a prefeita Cinthia Ribeiro, abriram oficialmente o Festival.&nbsp;<\/p>\n\n\n\n<p>Para o governador Wanderlei Barbosa \u00e9 um orgulho assistir o crescimento do Festival. \u201cTaquaru\u00e7u \u00e9 onde eu vivo, onde criei meus filhos. \u00c9 lindo ver tudo isso voltar a crescer. Parabenizo a prefeita Cinthia pela organiza\u00e7\u00e3o, pois poderemos alavancar a economia do distrito e de Palmas, que foi afetada pela pandemia\u201d, disse o chefe do Executivo tocantinense.<\/p>\n\n\n\n<p>A prefeita de Palmas, Cinthia Ribeiro, destacou a felicidade em retomar com o evento, mas que tudo est\u00e1 sendo feito com muito cuidado. \u201cEste ano o Festival Gastron\u00f4mico de Taquaru\u00e7u est\u00e1 mais intimista. Estamos retomando com muito cuidado, responsabilidade e valorizando \u00e0 vacina\u00e7\u00e3o. Uma oportunidade para fomentar nossa gastronomia e cultura local\u201d, afirmou Cinthia Ribeiro.&nbsp;<\/p>\n\n\n\n<p>O Governador e a prefeita aproveitaram o momento e conheceram de perto a Vila Gastron\u00f4mica, cumprimentam os candidatos que est\u00e3o concorrendo no festival e a popula\u00e7\u00e3o que participava do evento. O 15\u00ba Festival Gastron\u00f4mico de Taquaru\u00e7u prossegue at\u00e9 domingo, 31, na pra\u00e7a Vereador Tarc\u00edsio Machado. Al\u00e9m da tradicional competi\u00e7\u00e3o gastron\u00f4mica, conta com apresenta\u00e7\u00f5es de grandes chefs no espa\u00e7o Cozinha Show e apresenta\u00e7\u00f5es art\u00edsticas todos os dias.<\/p>\n\n\n\n<p>Tamb\u00e9m estavam presentes os secret\u00e1rios de Estado da Cidadania e Justi\u00e7a (Seciju), Heber Fidelis; do Trabalho e Desenvolvimento Social (Setas), Jos\u00e9 Messias; da Ind\u00fastria, Com\u00e9rcio e Servi\u00e7os (SICS), Carlos Humberto Duarte de Lima e Silva; da Agricultura, Pecu\u00e1ria e Aquicultura (Seagro), Jaime Caf\u00e9; o secret\u00e1rio-chefe da Controladoria-Geral do Estado (CGE-TO), Senivan Almeida de Arruda o comandante-geral da Pol\u00edcia Militar (PMTO), Silva Neto; e os presidentes da Ag\u00eancia de Metrologia, Avalia\u00e7\u00e3o da Conformidade, Inova\u00e7\u00e3o e Tecnologia (AEM), Rerisson Castro; e da Ag\u00eancia Tocantinense de Regula\u00e7\u00e3o (ATR), \u00c9dson Cabral.<\/p>\n\n\n\n<figure class=\"wp-block-image\"><img src=\"https:\/\/central.to.gov.br\/image\/268314?w=565&amp;h=349\" alt=\"\"\/><\/figure>\n\n\n\n<p>Para o governador Wanderlei Barbosa \u00e9 um orgulho assistir o crescimento do Festival &#8211; Ezequias Ara\u00fajo\/Governo do Tocantins<\/p>\n\n\n\n<figure class=\"wp-block-image\"><img src=\"https:\/\/central.to.gov.br\/image\/268315?w=565&amp;h=349\" alt=\"\"\/><\/figure>\n\n\n\n<p>O Governador e a prefeita aproveitaram o momento e conheceram de perto a Vila Gastron\u00f4mica &#8211; Ezequias Ara\u00fajo\/Governo do Tocantins.<br><\/p>\n","protected":false},"excerpt":{"rendered":"<p>O governador em exerc\u00edcio do Estado do Tocantins, Wanderlei Barbosa, ao lado da prefeita de Palmas, Cinthia Ribeiro, participou na noite desta sexta-feira, 29, da abertura do 15\u00ba Festival Gastron\u00f4mico de Taquaru\u00e7u. Na chegada, o Governador com a prefeita Cinthia Ribeiro, abriram oficialmente o Festival.&nbsp; Para o governador Wanderlei Barbosa \u00e9 um orgulho assistir o [&hellip;]<\/p>\n","protected":false},"author":2,"featured_media":9732,"comment_status":"open","ping_status":"open","sticky":false,"template":"","format":"standard","meta":[],"categories":[3],"tags":[13],"_links":{"self":[{"href":"https:\/\/dgospel.com.br\/portal\/index.php\/wp-json\/wp\/v2\/posts\/9731"}],"collection":[{"href":"https:\/\/dgospel.com.br\/portal\/index.php\/wp-json\/wp\/v2\/posts"}],"about":[{"href":"https:\/\/dgospel.com.br\/portal\/index.php\/wp-json\/wp\/v2\/types\/post"}],"author":[{"embeddable":true,"href":"https:\/\/dgospel.com.br\/portal\/index.php\/wp-json\/wp\/v2\/users\/2"}],"replies":[{"embeddable":true,"href":"https:\/\/dgospel.com.br\/portal\/index.php\/wp-json\/wp\/v2\/comments?post=9731"}],"version-history":[{"count":2,"href":"https:\/\/dgospel.com.br\/portal\/index.php\/wp-json\/wp\/v2\/posts\/9731\/revisions"}],"predecessor-version":[{"id":9734,"href":"https:\/\/dgospel.com.br\/portal\/index.php\/wp-json\/wp\/v2\/posts\/9731\/revisions\/9734"}],"wp:featuredmedia":[{"embeddable":true,"href":"https:\/\/dgospel.com.br\/portal\/index.php\/wp-json\/wp\/v2\/media\/9732"}],"wp:attachment":[{"href":"https:\/\/dgospel.com.br\/portal\/index.php\/wp-json\/wp\/v2\/media?parent=9731"}],"wp:term":[{"taxonomy":"category","embeddable":true,"href":"https:\/\/dgospel.com.br\/portal\/index.php\/wp-json\/wp\/v2\/categories?post=9731"},{"taxonomy":"post_tag","embeddable":true,"href":"https:\/\/dgospel.com.br\/portal\/index.php\/wp-json\/wp\/v2\/tags?post=9731"}],"curies":[{"name":"wp","href":"https:\/\/api.w.org\/{rel}","templated":true}]}}