{"id":9741,"date":"2021-11-03T08:39:41","date_gmt":"2021-11-03T11:39:41","guid":{"rendered":"http:\/\/dgospel.com.br\/portal\/?p=9741"},"modified":"2021-11-03T08:39:43","modified_gmt":"2021-11-03T11:39:43","slug":"pt-indicou-7-dos-10-ministros-do-stf-e-26-dos-31-do-stj","status":"publish","type":"post","link":"https:\/\/dgospel.com.br\/portal\/index.php\/2021\/11\/03\/pt-indicou-7-dos-10-ministros-do-stf-e-26-dos-31-do-stj\/","title":{"rendered":"PT indicou 7 dos 10 ministros do STF, e 26 dos 31 do STJ"},"content":{"rendered":"\n<p> A perman\u00eancia do Partido dos Trabalhadores \u00e0 frente do governo federal por quase 15 anos criou um verdadeiro \u201cex\u00e9rcito\u201d de indicados \u00e0s inst\u00e2ncias superiores do Poder Judici\u00e1rio. Para se ter uma ideia, dos atuais dez ministros em atividade no Supremo Tribunal Federal (STF), sete foram escolhidas pelo presidentes do PT, s\u00e3o eles: <\/p>\n\n\n\n<p><strong>LULA<br><\/strong>\u2013 Ricardo Lewandowski;<br>\u2013 C\u00e1rmen L\u00facia;<br>\u2013 Dias Toffoli. <\/p>\n\n\n\n<p><strong>DILMA ROUSSEFF<br><\/strong>\u2013 Luiz Fux;<br>\u2013 Rosa Weber;<br>\u2013 Lu\u00eds Roberto Barroso;<br>\u2013 Luiz Edson Fachin.<\/p>\n\n\n\n<p>Apenas Gilmar Mendes, Alexandre de Moraes e Kassio Nunes Marques que foram escolhidos, respectivamente, pelos ex-presidentes Ferando Henrique Cardoso, Michel Temer e Jair Bolsonaro.<\/p>\n\n\n\n<p>A vaga do 11\u00ba ministro segue em aberto ap\u00f3s a sa\u00edda do ex-ministro Marco Aur\u00e9lio, que indicado pelo ex-presidente Fernando Collor de Mello, seu primo. O ex-advogado-geral da Uni\u00e3o Andr\u00e9 Mendon\u00e7a, escolhido pelo presidente Jair Bolsonaro para a vaga, aguarda o senador Davi Alcolumbre (DEM-AP), presidente da Comiss\u00e3o de Constitui\u00e7\u00e3o e Justi\u00e7a (CCJ), marcar sua sabatina.<\/p>\n\n\n\n<p>A influ\u00eancia do PT n\u00e3o se limita \u00e0 Suprema Corte. O Superior Tribunal de Justi\u00e7a (STJ), que tem o poder de hegemonizar a interpreta\u00e7\u00e3o das leis em todo o pa\u00eds, tamb\u00e9m est\u00e1 repleto de indicados da legenda. Dos 31 ju\u00edzes em atividade nesta inst\u00e2ncia, 26 foram nomeados pelo PT: 11 por Lula e 15 pelas m\u00e3os de Dilma. Outros cinco foram indicados pelo tucano Fernando Henrique Cardoso, e duas vagas est\u00e3o em aberto ap\u00f3s as aposentadorias dos ministros Napole\u00e3o Nunes Maia Filho e Nefi Cordeiro. Estas duas \u00faltimas s\u00e3o de responsabilidade de Bolsonaro.<\/p>\n\n\n\n<p><strong>LULA<br><\/strong>\u2013 Humberto Martins;<br>\u2013 Maria Thereza de Assis Moura;<br>\u2013 Herman Benjamin;<br>\u2013 Jorge Mussi;<br>\u2013 Og Fernandes;<br>\u2013 Luis Felipe Salom\u00e3o;<br>\u2013 Mauro Campbell Marques;<br>\u2013 Benedito Gon\u00e7alves;<br>\u2013 Raul Ara\u00fajo;<br>\u2013 Paulo de Tarso Sanseverino;<br>\u2013 Isabel Gallotti (Lula).<\/p>\n\n\n\n<p><strong>DILMA ROUSSEFF<br><\/strong>\u2013 Antonio Carlos Ferreira;<br>\u2013 Villas B\u00f4as Cueva;<br>\u2013 Sebasti\u00e3o Reis J\u00fanior;<br>\u2013 Mauro Buzzi;<br>\u2013 Marco Aur\u00e9lio Bellizze;<br>\u2013 Assusete Magalh\u00e3es;<br>\u2013 S\u00e9rgio Kukina;<br>\u2013 Moura Ribeiro;<br>\u2013 Regina Helena Costa;<br>\u2013 Rogerio Schietti Cruz;<br>\u2013 Gurgel de Faria;<br>\u2013 Reynaldo Soares da Fonseca;<br>\u2013 Ribeiro Dantas;<br>\u2013 Antonio Saldanha Palheiro;<br>\u2013 Joel Ilan Paciornik.<\/p>\n\n\n\n<p><strong>FERNANDO HENRIQUE CARDOSO<br><\/strong>\u2013 Felix Fischer;<br>\u2013 Francisco Falc\u00e3o;<br>\u2013 Nancy Andrighi;<br>\u2013 Laurita Vaz;<br>\u2013 Jo\u00e3o Ot\u00e1vio de Noronha.<\/p>\n","protected":false},"excerpt":{"rendered":"<p>A perman\u00eancia do Partido dos Trabalhadores \u00e0 frente do governo federal por quase 15 anos criou um verdadeiro \u201cex\u00e9rcito\u201d de indicados \u00e0s inst\u00e2ncias superiores do Poder Judici\u00e1rio. Para se ter uma ideia, dos atuais dez ministros em atividade no Supremo Tribunal Federal (STF), sete foram escolhidas pelo presidentes do PT, s\u00e3o eles: LULA\u2013 Ricardo Lewandowski;\u2013 [&hellip;]<\/p>\n","protected":false},"author":2,"featured_media":9742,"comment_status":"open","ping_status":"open","sticky":false,"template":"","format":"standard","meta":[],"categories":[4],"tags":[14],"_links":{"self":[{"href":"https:\/\/dgospel.com.br\/portal\/index.php\/wp-json\/wp\/v2\/posts\/9741"}],"collection":[{"href":"https:\/\/dgospel.com.br\/portal\/index.php\/wp-json\/wp\/v2\/posts"}],"about":[{"href":"https:\/\/dgospel.com.br\/portal\/index.php\/wp-json\/wp\/v2\/types\/post"}],"author":[{"embeddable":true,"href":"https:\/\/dgospel.com.br\/portal\/index.php\/wp-json\/wp\/v2\/users\/2"}],"replies":[{"embeddable":true,"href":"https:\/\/dgospel.com.br\/portal\/index.php\/wp-json\/wp\/v2\/comments?post=9741"}],"version-history":[{"count":1,"href":"https:\/\/dgospel.com.br\/portal\/index.php\/wp-json\/wp\/v2\/posts\/9741\/revisions"}],"predecessor-version":[{"id":9743,"href":"https:\/\/dgospel.com.br\/portal\/index.php\/wp-json\/wp\/v2\/posts\/9741\/revisions\/9743"}],"wp:featuredmedia":[{"embeddable":true,"href":"https:\/\/dgospel.com.br\/portal\/index.php\/wp-json\/wp\/v2\/media\/9742"}],"wp:attachment":[{"href":"https:\/\/dgospel.com.br\/portal\/index.php\/wp-json\/wp\/v2\/media?parent=9741"}],"wp:term":[{"taxonomy":"category","embeddable":true,"href":"https:\/\/dgospel.com.br\/portal\/index.php\/wp-json\/wp\/v2\/categories?post=9741"},{"taxonomy":"post_tag","embeddable":true,"href":"https:\/\/dgospel.com.br\/portal\/index.php\/wp-json\/wp\/v2\/tags?post=9741"}],"curies":[{"name":"wp","href":"https:\/\/api.w.org\/{rel}","templated":true}]}}