{"id":9750,"date":"2021-11-03T08:55:40","date_gmt":"2021-11-03T11:55:40","guid":{"rendered":"http:\/\/dgospel.com.br\/portal\/?p=9750"},"modified":"2021-11-03T08:55:41","modified_gmt":"2021-11-03T11:55:41","slug":"podemos-quer-tirar-alcolumbre-da-presidencia-da-ccj-do-senado","status":"publish","type":"post","link":"https:\/\/dgospel.com.br\/portal\/index.php\/2021\/11\/03\/podemos-quer-tirar-alcolumbre-da-presidencia-da-ccj-do-senado\/","title":{"rendered":"Podemos quer \u2018tirar\u2019 Alcolumbre da presid\u00eancia da CCJ do Senado"},"content":{"rendered":"\n<p> Ap\u00f3s o presidente da Comiss\u00e3o de Constitui\u00e7\u00e3o, Justi\u00e7a e Cidadania (CCJ) , senador Davi Alcolumbre (DEM-AP), ser alvo de den\u00fancia acerca de suposto envolvimento em esquema de rachadinha, a bancada do Podemos no Senado fez uma nota, nesta segunda-feira (1\u00ba), pedindo seu imediato afastamento da presid\u00eancia da CCJ. <\/p>\n\n\n\n<p> \u201cTendo em vista as graves den\u00fancias veiculadas na imprensa no \u00faltimo final de semana, o Podemos defende o imediato afastamento do Senador Davi Alcolumbre da Presid\u00eancia da Comiss\u00e3o de Constitui\u00e7\u00e3o, Justi\u00e7a e Cidadania do Senado Federal\u201d, ressalta a nota publicada pelo partido. <\/p>\n\n\n\n<p>Segundo a bancada do Podemos, a medida tem o prop\u00f3sito de n\u00e3o prejudicar o regular andamento dos trabalhos da mais importante comiss\u00e3o da Casa.<\/p>\n\n\n\n<p>\u201cO PODEMOS considera necess\u00e1rio que a Presid\u00eancia do Senado Federal determine um calend\u00e1rio para as vota\u00e7\u00f5es das indica\u00e7\u00f5es de autoridades no Plen\u00e1rio da Casa, cumprindo a pauta e auxiliando a distensionar as diverg\u00eancias.\u201d, acrescenta.<\/p>\n\n\n\n<p>Na \u00faltima sexta-feira (29), Alcolumbre teve seu nome vinculado a um suposto esquema de rachadinha praticado em seu gabinete no Senado. De acordo com a reportagem da revista Veja, o senador ficou durante anos com o sal\u00e1rio de seis assessoras. A revista afirma que o total desviado foi de aproximadamente R$ 2 milh\u00f5es. O esquema teria funcionado entre janeiro de 2016 e mar\u00e7o de 2021.<\/p>\n\n\n\n<p>Em nota divulgada, Alcolumbre afirmou que \u201cvem sofrendo uma campanha difamat\u00f3ria sem precedentes\u201d, citando a den\u00fancia de suposta rachadinha em seu gabinete. \u201cNunca, em hip\u00f3tese alguma, em tempo algum, tratei, procurei, sugeri ou me envolvi nos fatos mencionados\u201d.<\/p>\n\n\n\n<p>O senador tamb\u00e9m alega que est\u00e1 sendo alvo de \u201corquestra\u00e7\u00e3o por uma quest\u00e3o pol\u00edtica e institucional da CCJ e do Senado Federal\u201d.<\/p>\n\n\n\n<p>Alcolumbre tamb\u00e9m vem sendo alvo de cr\u00edticas por n\u00e3o marcar a sabatina de Andr\u00e9 Mendon\u00e7a, indicado do presidente Jair Bolsonaro para ocupar o Supremo Tribunal Federal (STF). Um dos principais cr\u00edticos da demora de marcar a sabatina \u00e9 o senador Alvaro Dias (Podemos), em entrevista \u00e0 CNN, ele enfatizou que \u201cn\u00e3o compete ao presidente da Comiss\u00e3o, Davi Alcolumbre, engavetar, arquivar ou protelar\u201d.<\/p>\n\n\n\n<p>Os senadores do Podemos que assinaram o pedido de afastamento de Alcolumbre foram: senador Alvaro Dias(PR), senador Eduardo Gir\u00e3o (CE), senador Fl\u00e1vio Arns (PR), senador Jorge Kajuru(GO), senador Lasier Martins(RS); senador Marcos do Val(ES), senador Oriovisto Guimar\u00e3es(PR), senador Reguffe(DF), senador Styvenson Valentim(RN).<\/p>\n\n\n\n<p>*AE<\/p>\n","protected":false},"excerpt":{"rendered":"<p>Ap\u00f3s o presidente da Comiss\u00e3o de Constitui\u00e7\u00e3o, Justi\u00e7a e Cidadania (CCJ) , senador Davi Alcolumbre (DEM-AP), ser alvo de den\u00fancia acerca de suposto envolvimento em esquema de rachadinha, a bancada do Podemos no Senado fez uma nota, nesta segunda-feira (1\u00ba), pedindo seu imediato afastamento da presid\u00eancia da CCJ. \u201cTendo em vista as graves den\u00fancias veiculadas [&hellip;]<\/p>\n","protected":false},"author":2,"featured_media":9751,"comment_status":"open","ping_status":"open","sticky":false,"template":"","format":"standard","meta":[],"categories":[4],"tags":[13,14],"_links":{"self":[{"href":"https:\/\/dgospel.com.br\/portal\/index.php\/wp-json\/wp\/v2\/posts\/9750"}],"collection":[{"href":"https:\/\/dgospel.com.br\/portal\/index.php\/wp-json\/wp\/v2\/posts"}],"about":[{"href":"https:\/\/dgospel.com.br\/portal\/index.php\/wp-json\/wp\/v2\/types\/post"}],"author":[{"embeddable":true,"href":"https:\/\/dgospel.com.br\/portal\/index.php\/wp-json\/wp\/v2\/users\/2"}],"replies":[{"embeddable":true,"href":"https:\/\/dgospel.com.br\/portal\/index.php\/wp-json\/wp\/v2\/comments?post=9750"}],"version-history":[{"count":1,"href":"https:\/\/dgospel.com.br\/portal\/index.php\/wp-json\/wp\/v2\/posts\/9750\/revisions"}],"predecessor-version":[{"id":9752,"href":"https:\/\/dgospel.com.br\/portal\/index.php\/wp-json\/wp\/v2\/posts\/9750\/revisions\/9752"}],"wp:featuredmedia":[{"embeddable":true,"href":"https:\/\/dgospel.com.br\/portal\/index.php\/wp-json\/wp\/v2\/media\/9751"}],"wp:attachment":[{"href":"https:\/\/dgospel.com.br\/portal\/index.php\/wp-json\/wp\/v2\/media?parent=9750"}],"wp:term":[{"taxonomy":"category","embeddable":true,"href":"https:\/\/dgospel.com.br\/portal\/index.php\/wp-json\/wp\/v2\/categories?post=9750"},{"taxonomy":"post_tag","embeddable":true,"href":"https:\/\/dgospel.com.br\/portal\/index.php\/wp-json\/wp\/v2\/tags?post=9750"}],"curies":[{"name":"wp","href":"https:\/\/api.w.org\/{rel}","templated":true}]}}