{"id":9756,"date":"2021-11-03T19:46:11","date_gmt":"2021-11-03T22:46:11","guid":{"rendered":"http:\/\/dgospel.com.br\/portal\/?p=9756"},"modified":"2021-11-03T19:46:12","modified_gmt":"2021-11-03T22:46:12","slug":"pastor-amarildo-martins-participa-da-assembleia-geral-da-conemad-pa-sul","status":"publish","type":"post","link":"https:\/\/dgospel.com.br\/portal\/index.php\/2021\/11\/03\/pastor-amarildo-martins-participa-da-assembleia-geral-da-conemad-pa-sul\/","title":{"rendered":"Pastor Amarildo Martins participa da Assembl\u00e9ia Geral da CONEMAD-PA SUL"},"content":{"rendered":"\n<p>Neste final de semana, o pastor Amarildo Martins da Silva participou da XXXI edi\u00e7\u00e3o da Assembl\u00e9ia Geral Ordin\u00e1ria (AGO) da Conven\u00e7\u00e3o Estadual dos Ministros Evang\u00e9licos das Assembleias de Deus Madureira Par\u00e1 Sul (CONEMAD-PAS). A Assembleia Geral aconteceu de 28 a 31 de outubro, na cidade de Cana\u00e3 dos Caraj\u00e1s (PA).&nbsp;<\/p>\n\n\n\n<p>Na ocasi\u00e3o, Pastor Amarildo que \u00e9 o presidente das Conven\u00e7\u00f5es Estaduais dos Ministros Evang\u00e9licos das Assembleias de Deus Minist\u00e9rio de Madureira no Tocantins e Maranh\u00e3o e quarto vice-presidente da Conven\u00e7\u00e3o Nacional das Assembleias de Deus Minist\u00e9rio de Madureira (CONAMAD), representou o Bispo Primaz Dr. Manuel Ferreira.&nbsp;<\/p>\n\n\n\n<p>A Assembleia Geral teve como tema: \u201cUnidos vivendo promessas, esperan\u00e7a e refrig\u00e9rio\u201d Salmos 133. O pastor Iban\u00eas Taveira, presidente da CONEMAD-PAS, foi o anfitri\u00e3o do evento que reuniu pastores, evangelistas, mission\u00e1rios e mission\u00e1rias.<\/p>\n\n\n\n<p>Al\u00e9m de ministrar uma poderosa palavra de Deus aos participantes, o pastor Amarildo deu posse \u00e0 nova diretoria da regi\u00e3o Par\u00e1 Sul para o quadri\u00eanio 2021 \/ 2025. O Pastor Iban\u00eas Taveira permanece como presidente da CONEMAD-PAS.<\/p>\n","protected":false},"excerpt":{"rendered":"<p>Neste final de semana, o pastor Amarildo Martins da Silva participou da XXXI edi\u00e7\u00e3o da Assembl\u00e9ia Geral Ordin\u00e1ria (AGO) da Conven\u00e7\u00e3o Estadual dos Ministros Evang\u00e9licos das Assembleias de Deus Madureira Par\u00e1 Sul (CONEMAD-PAS). A Assembleia Geral aconteceu de 28 a 31 de outubro, na cidade de Cana\u00e3 dos Caraj\u00e1s (PA).&nbsp; Na ocasi\u00e3o, Pastor Amarildo que [&hellip;]<\/p>\n","protected":false},"author":2,"featured_media":9757,"comment_status":"open","ping_status":"open","sticky":false,"template":"","format":"standard","meta":[],"categories":[5],"tags":[13],"_links":{"self":[{"href":"https:\/\/dgospel.com.br\/portal\/index.php\/wp-json\/wp\/v2\/posts\/9756"}],"collection":[{"href":"https:\/\/dgospel.com.br\/portal\/index.php\/wp-json\/wp\/v2\/posts"}],"about":[{"href":"https:\/\/dgospel.com.br\/portal\/index.php\/wp-json\/wp\/v2\/types\/post"}],"author":[{"embeddable":true,"href":"https:\/\/dgospel.com.br\/portal\/index.php\/wp-json\/wp\/v2\/users\/2"}],"replies":[{"embeddable":true,"href":"https:\/\/dgospel.com.br\/portal\/index.php\/wp-json\/wp\/v2\/comments?post=9756"}],"version-history":[{"count":1,"href":"https:\/\/dgospel.com.br\/portal\/index.php\/wp-json\/wp\/v2\/posts\/9756\/revisions"}],"predecessor-version":[{"id":9758,"href":"https:\/\/dgospel.com.br\/portal\/index.php\/wp-json\/wp\/v2\/posts\/9756\/revisions\/9758"}],"wp:featuredmedia":[{"embeddable":true,"href":"https:\/\/dgospel.com.br\/portal\/index.php\/wp-json\/wp\/v2\/media\/9757"}],"wp:attachment":[{"href":"https:\/\/dgospel.com.br\/portal\/index.php\/wp-json\/wp\/v2\/media?parent=9756"}],"wp:term":[{"taxonomy":"category","embeddable":true,"href":"https:\/\/dgospel.com.br\/portal\/index.php\/wp-json\/wp\/v2\/categories?post=9756"},{"taxonomy":"post_tag","embeddable":true,"href":"https:\/\/dgospel.com.br\/portal\/index.php\/wp-json\/wp\/v2\/tags?post=9756"}],"curies":[{"name":"wp","href":"https:\/\/api.w.org\/{rel}","templated":true}]}}