{"id":976,"date":"2018-08-10T17:12:50","date_gmt":"2018-08-10T20:12:50","guid":{"rendered":"http:\/\/dgospel.com.br\/portal\/?p=976"},"modified":"2018-08-10T17:12:50","modified_gmt":"2018-08-10T20:12:50","slug":"vereador-gerson-alves-e-indicado-como-relator-da-cpi-do-previpalmas","status":"publish","type":"post","link":"https:\/\/dgospel.com.br\/portal\/index.php\/2018\/08\/10\/vereador-gerson-alves-e-indicado-como-relator-da-cpi-do-previpalmas\/","title":{"rendered":"Vereador Gerson Alves \u00e9 indicado como relator da CPI do PreviPalmas"},"content":{"rendered":"<p>Ao reassumir a presid\u00eancia da C\u00e2mara, o vereador Jos\u00e9 do Lago Folha Filho (PSD) n\u00e3o fez qualquer tentativa para impedir a instala\u00e7\u00e3o da Comiss\u00e3o Parlamentar de Inqu\u00e9rito (CPI) para investigar irregularidades nos investimentos de risco que podem ter gerado um preju\u00edzo de R$ 50 milh\u00f5es no PreviPalmas. Ao contr\u00e1rio. Folha indicou o vereador Gerson Alves de Sousa (PSL) como relator da comiss\u00e3o. O presidente do Legislativo era acusado pela oposi\u00e7\u00e3o a segurar o andamento da CPI no governo Carlos Amastha (PSB).<\/p>\n<p>A mesa diretora, sob a presid\u00eancia do vereador L\u00e9o Barbosa (SD) enquanto Folha estava preso, determinou que os l\u00edderes indicassem os membros da CPI em 48 horas. Assim, foram apresentados os seguintes nomes: Gerson Alves de Sousa, L\u00e9o Barbosa, J\u00fanior Geo (Pros), Vandinho do Povo (PSDC) e Filipe Martins (PSC).<\/p>\n<p>Vereador Gerson Alves foi escolhido como relator da CPI (Foto: Ascom CM Palmas)<\/p>\n<p>Desses, tr\u00eas foram oposi\u00e7\u00e3o ao ex-prefeito Carlos Amastha, gest\u00e3o em que ocorreram os investimentos que est\u00e3o sendo questionados: L\u00e9o, Geo e Vandinho; e dois de situa\u00e7\u00e3o, Filipe e Gerson.<\/p>\n<p>O presidente ser\u00e1 escolhido pelos membros da CPI na pr\u00f3xima semana. A maioria prefere que o cargo fique com Geo, que foi o autor do requerimento para a instala\u00e7\u00e3o da comiss\u00e3o.<\/p>\n<p><strong>Entenda<br \/>\n<\/strong>O pedido de instala\u00e7\u00e3o com as assinaturas necess\u00e1rias para cria\u00e7\u00e3o do CPI do PreviPalmas foi feito em abril do ano passado, mas nenhuma posi\u00e7\u00e3o foi adotada pela presid\u00eancia. Com direito a velas e uma faixa decorativa escrita \u201cCPI PreviPalmas 1 ano\u201d, o autor do pedido J\u00fanior Geo chegou a levar, em protesto, no dia 4 de abril, um bolo \u00e0 sess\u00e3o ordin\u00e1ria na C\u00e2mara Municipal de Palmas para simbolizar um ano em que a cria\u00e7\u00e3o da comiss\u00e3o foi solicitada por ele, mas n\u00e3o foi aberta.<\/p>\n<p>Geo quer que a Casa investigue as aplica\u00e7\u00f5es de R$ 50 milh\u00f5es feitas pelo PreviPalmas de maneira irregular. O Fundo Cais Mau\u00e1 recebeu investimento de R$ 30 milh\u00f5es do instituto palmense no fim do ano passado e um fundo de multicr\u00e9dito chamado Tercon, R$ 20 milh\u00f5es.<\/p>\n<p>Resolu\u00e7\u00e3o do Conselho Monet\u00e1rio Nacional (CMN) limita em apenas 5% a participa\u00e7\u00e3o de um investidor institucional em um fundo de cr\u00e9dito privado. Entretanto, com o investimento de R$ 30 milh\u00f5es, o instituto palmense \u00e9 respons\u00e1vel por mais de 15% da Cais Mau\u00e1. Al\u00e9m disso, a pol\u00edtica do fundo prev\u00ea a reten\u00e7\u00e3o dos recursos por 12 anos, e o prazo ainda pode ser prorrogado pelo mesmo per\u00edodo, chegando a 24 anos. J\u00e1 no Tercon, o instituto tem 46,57% do patrim\u00f4nio l\u00edquido do fundo e ficar\u00e1 com os valores retidos por quatro anos.<\/p>\n<p>Ap\u00f3s a m\u00eddia expor a situa\u00e7\u00e3o de risco do PreviPalmas, uma comiss\u00e3o de servidores foi criada para analisar os investimentos. Eles elaboraram um relat\u00f3rio apontando diversas irregularidades nas aplica\u00e7\u00f5es nos dois fundos, entre elas, descumprimentos de normas e limites e certid\u00f5es vencidas.<\/p>\n<p>O relat\u00f3rio sobre as irregularidades das aplica\u00e7\u00f5es foi distribu\u00eddo para todos os \u00f3rg\u00e3os de controle e fiscaliza\u00e7\u00e3o e o Conselho do PreviPalmas quer que o Executivo entre com a\u00e7\u00e3o na Justi\u00e7a para reaver o dinheiro aplicado.<\/p>\n<p>Fonte:\u00a0clebertoledo<\/p>\n","protected":false},"excerpt":{"rendered":"<p>Ao reassumir a presid\u00eancia da C\u00e2mara, o vereador Jos\u00e9 do Lago Folha Filho (PSD) n\u00e3o fez qualquer tentativa para impedir a instala\u00e7\u00e3o da Comiss\u00e3o Parlamentar de Inqu\u00e9rito (CPI) para investigar irregularidades nos investimentos de risco que podem ter gerado um preju\u00edzo de R$ 50 milh\u00f5es no PreviPalmas. Ao contr\u00e1rio. Folha indicou o vereador Gerson Alves [&hellip;]<\/p>\n","protected":false},"author":2,"featured_media":977,"comment_status":"open","ping_status":"open","sticky":false,"template":"","format":"standard","meta":[],"categories":[8,2],"tags":[],"_links":{"self":[{"href":"https:\/\/dgospel.com.br\/portal\/index.php\/wp-json\/wp\/v2\/posts\/976"}],"collection":[{"href":"https:\/\/dgospel.com.br\/portal\/index.php\/wp-json\/wp\/v2\/posts"}],"about":[{"href":"https:\/\/dgospel.com.br\/portal\/index.php\/wp-json\/wp\/v2\/types\/post"}],"author":[{"embeddable":true,"href":"https:\/\/dgospel.com.br\/portal\/index.php\/wp-json\/wp\/v2\/users\/2"}],"replies":[{"embeddable":true,"href":"https:\/\/dgospel.com.br\/portal\/index.php\/wp-json\/wp\/v2\/comments?post=976"}],"version-history":[{"count":1,"href":"https:\/\/dgospel.com.br\/portal\/index.php\/wp-json\/wp\/v2\/posts\/976\/revisions"}],"predecessor-version":[{"id":978,"href":"https:\/\/dgospel.com.br\/portal\/index.php\/wp-json\/wp\/v2\/posts\/976\/revisions\/978"}],"wp:featuredmedia":[{"embeddable":true,"href":"https:\/\/dgospel.com.br\/portal\/index.php\/wp-json\/wp\/v2\/media\/977"}],"wp:attachment":[{"href":"https:\/\/dgospel.com.br\/portal\/index.php\/wp-json\/wp\/v2\/media?parent=976"}],"wp:term":[{"taxonomy":"category","embeddable":true,"href":"https:\/\/dgospel.com.br\/portal\/index.php\/wp-json\/wp\/v2\/categories?post=976"},{"taxonomy":"post_tag","embeddable":true,"href":"https:\/\/dgospel.com.br\/portal\/index.php\/wp-json\/wp\/v2\/tags?post=976"}],"curies":[{"name":"wp","href":"https:\/\/api.w.org\/{rel}","templated":true}]}}