{"id":9765,"date":"2021-11-03T20:59:31","date_gmt":"2021-11-03T23:59:31","guid":{"rendered":"http:\/\/dgospel.com.br\/portal\/?p=9765"},"modified":"2021-11-03T20:59:33","modified_gmt":"2021-11-03T23:59:33","slug":"wanderlei-barbosa-recebe-prefeitos-e-garante-execucao-de-obras-nos-municipios-tocantinenses","status":"publish","type":"post","link":"https:\/\/dgospel.com.br\/portal\/index.php\/2021\/11\/03\/wanderlei-barbosa-recebe-prefeitos-e-garante-execucao-de-obras-nos-municipios-tocantinenses\/","title":{"rendered":"Wanderlei Barbosa recebe prefeitos e garante execu\u00e7\u00e3o de obras nos munic\u00edpios tocantinenses"},"content":{"rendered":"\n<p>O governador em exerc\u00edcio do Estado do Tocantins, Wanderlei Barbosa, anunciou nesta quarta-feira, 3, a um grupo de prefeitos liderados pelo presidente da Associa\u00e7\u00e3o Tocantinense de Munic\u00edpios (ATM), o prefeito de Talism\u00e3 Diogo Borges, a continuidade da execu\u00e7\u00e3o dos programas do Governo que ampliar\u00e3o a Infraestrutura dos munic\u00edpios. A reuni\u00e3o aconteceu no Pal\u00e1cio Araguaia, com a presen\u00e7a dos secret\u00e1rios de Estado da Fazenda (Sefaz), Jairo Mariano, e do Planejamento e Or\u00e7amento (Seplan), Sergislei Moura.<\/p>\n\n\n\n<p>Na reuni\u00e3o, os gestores foram orientados sobre o processo correto de protocolo dos projetos de obras e o planejamento de libera\u00e7\u00e3o de recursos para cada munic\u00edpio.<\/p>\n\n\n\n<p>O titular da Seplan, Sergislei Moura, explicou que os recursos ser\u00e3o liberados em tr\u00eas parcelas, ap\u00f3s fiscaliza\u00e7\u00e3o do Governo e presta\u00e7\u00e3o de contas. \u201cVoc\u00eas protocolam os projetos, faremos a transfer\u00eancia dos primeiros 33% e, ap\u00f3s a conclus\u00e3o da primeira parte da obra e fiscaliza\u00e7\u00e3o, n\u00f3s liberaremos a segunda parcela, e assim por diante\u201d, detalhou.<\/p>\n\n\n\n<p>Ainda no encontro, os prefeitos demandaram apoio para pavimenta\u00e7\u00e3o asf\u00e1ltica e transporte escolar. De acordo com o secret\u00e1rio da Sefaz, Jairo Mariano, a prioridade do Governador \u00e9 asfaltar os munic\u00edpios que ainda n\u00e3o possuem o pavimento. \u201cTamb\u00e9m estamos trabalhando na disponibilidade financeira. Queremos asfaltar os munic\u00edpios que mais precisam. As estradas s\u00e3o a base para qualquer coisa, sem falar na qualidade de vida dos moradores das cidades\u201d, pontuou.<\/p>\n\n\n\n<p>O governador Wanderlei Barbosa refor\u00e7ou a import\u00e2ncia de os prefeitos seguirem corretamente o passo a passo dos projetos, para que as demandas sejam atendidas e os recursos liberados. \u201cVamos fazer direito. Chegou o projeto corretamente, n\u00f3s vamos fazer as transfer\u00eancias dos recursos. Est\u00e1 acordado. Vamos mandar os 33% do montante. Logo ap\u00f3s, com uma parte do processo pronto, n\u00f3s mandamos os outros 33%\u201d, frisou.<\/p>\n\n\n\n<p>O presidente da ATM, Diogo Borges, afirmou que a reuni\u00e3o foi satisfat\u00f3ria e os prefeitos sa\u00edram com boas expectativas. \u201cEstamos esperan\u00e7osos com o governador Wanderlei. Sa\u00edmos daqui satisfeitos sabendo que o Governador ir\u00e1 nos ajudar.&nbsp; Em nome dos prefeitos, s\u00f3 tenho a agradecer\u201d, disse.<\/p>\n\n\n\n<p><strong>Presen\u00e7as<\/strong><\/p>\n\n\n\n<p>A reuni\u00e3o teve a participa\u00e7\u00e3o dos prefeitos de Para\u00edso, Celso Morais; Itaguatins, Ivoneide Barreto; Lizarda, Professora Sussu; Pium, Valdemir Barros; Santa Maria, Itamar Barrachini; Monte Santo, Nezita Martins; Marian\u00f3polis, Isa\u00edas Piagem; Barrol\u00e2ndia, Adriano Ribeiro; S\u00e3o Bento, Paulo Wanderson; Rio Sono, Itair Martins; Peixe, Augusto Cezar; Rio dos Bois, Moacir Oliveira; Sandol\u00e2ndia, Radilson Pereira; S\u00e3o Sebasti\u00e3o, Adriano Rodrigues; Mateiros, Pastor Jo\u00e3o; Ja\u00fa, Luciene Araujo; Palmeir\u00f3polis, Bartolomeu Moura; Carmol\u00e2ndia, Neurivan Rodrigues; Itapiratins Sandro Rodrigues; e Figueir\u00f3polis, Jakeline Pereira.&nbsp;<\/p>\n\n\n\n<figure class=\"wp-block-image\"><img src=\"https:\/\/central.to.gov.br\/image\/268577?w=565&amp;h=349\" alt=\"\"\/><\/figure>\n\n\n\n<p>O presidente da Associa\u00e7\u00e3o Tocantinense de Munic\u00edpios, Diogo Borges, afirmou que a reuni\u00e3o foi satisfat\u00f3ria e os prefeitos sa\u00edram com boas expectativas &#8211; Esequias Ara\u00fajo\/Governo do Tocantins.<br><\/p>\n","protected":false},"excerpt":{"rendered":"<p>O governador em exerc\u00edcio do Estado do Tocantins, Wanderlei Barbosa, anunciou nesta quarta-feira, 3, a um grupo de prefeitos liderados pelo presidente da Associa\u00e7\u00e3o Tocantinense de Munic\u00edpios (ATM), o prefeito de Talism\u00e3 Diogo Borges, a continuidade da execu\u00e7\u00e3o dos programas do Governo que ampliar\u00e3o a Infraestrutura dos munic\u00edpios. A reuni\u00e3o aconteceu no Pal\u00e1cio Araguaia, com [&hellip;]<\/p>\n","protected":false},"author":2,"featured_media":9766,"comment_status":"open","ping_status":"open","sticky":false,"template":"","format":"standard","meta":[],"categories":[4],"tags":[13],"_links":{"self":[{"href":"https:\/\/dgospel.com.br\/portal\/index.php\/wp-json\/wp\/v2\/posts\/9765"}],"collection":[{"href":"https:\/\/dgospel.com.br\/portal\/index.php\/wp-json\/wp\/v2\/posts"}],"about":[{"href":"https:\/\/dgospel.com.br\/portal\/index.php\/wp-json\/wp\/v2\/types\/post"}],"author":[{"embeddable":true,"href":"https:\/\/dgospel.com.br\/portal\/index.php\/wp-json\/wp\/v2\/users\/2"}],"replies":[{"embeddable":true,"href":"https:\/\/dgospel.com.br\/portal\/index.php\/wp-json\/wp\/v2\/comments?post=9765"}],"version-history":[{"count":1,"href":"https:\/\/dgospel.com.br\/portal\/index.php\/wp-json\/wp\/v2\/posts\/9765\/revisions"}],"predecessor-version":[{"id":9767,"href":"https:\/\/dgospel.com.br\/portal\/index.php\/wp-json\/wp\/v2\/posts\/9765\/revisions\/9767"}],"wp:featuredmedia":[{"embeddable":true,"href":"https:\/\/dgospel.com.br\/portal\/index.php\/wp-json\/wp\/v2\/media\/9766"}],"wp:attachment":[{"href":"https:\/\/dgospel.com.br\/portal\/index.php\/wp-json\/wp\/v2\/media?parent=9765"}],"wp:term":[{"taxonomy":"category","embeddable":true,"href":"https:\/\/dgospel.com.br\/portal\/index.php\/wp-json\/wp\/v2\/categories?post=9765"},{"taxonomy":"post_tag","embeddable":true,"href":"https:\/\/dgospel.com.br\/portal\/index.php\/wp-json\/wp\/v2\/tags?post=9765"}],"curies":[{"name":"wp","href":"https:\/\/api.w.org\/{rel}","templated":true}]}}