{"id":9768,"date":"2021-11-08T16:46:08","date_gmt":"2021-11-08T19:46:08","guid":{"rendered":"http:\/\/dgospel.com.br\/portal\/?p=9768"},"modified":"2021-11-08T16:46:09","modified_gmt":"2021-11-08T19:46:09","slug":"a-pedido-de-eli-borges-cdhm-realiza-audiencia-publica-para-discutir-criacao-do-dia-nacional-do-cristao","status":"publish","type":"post","link":"https:\/\/dgospel.com.br\/portal\/index.php\/2021\/11\/08\/a-pedido-de-eli-borges-cdhm-realiza-audiencia-publica-para-discutir-criacao-do-dia-nacional-do-cristao\/","title":{"rendered":"A pedido de Eli Borges, CDHM realiza audi\u00eancia p\u00fablica para discutir cria\u00e7\u00e3o do Dia Nacional do Crist\u00e3o"},"content":{"rendered":"\n<p>Na manh\u00e3 desta sexta-feira (5), a Comiss\u00e3o de Direitos\nHumanos e Minorias realizou audi\u00eancia p\u00fablica para tratar sobre a institui\u00e7\u00e3o\ndo Dia Nacional do Crist\u00e3o. O evento aconteceu a pedido do deputado federal Eli\nBorges (Solidariedade-TO). O parlamentar considerou o encontro como um\nimportante e hist\u00f3rico momento para reafirmar os valores crist\u00e3os, como a f\u00e9 e\no amor, e pontuou qual deve ser o posicionamento do parlamento ao tratar a\nIgreja.<\/p>\n\n\n\n<p>\u201cNesse parlamento a Igreja n\u00e3o \u00e9 partido pol\u00edtico. A Igreja\nn\u00e3o tem lado pol\u00edtico. Qual \u00e9 ent\u00e3o o lado que a Igreja fica?&nbsp; A Igreja vai sempre ficar do lado daqueles\nque defendem a vida e lutam contra o aborto. A Igreja sempre vai ficar do lado\ndaqueles que defendem a fam\u00edlia nos moldes da cria\u00e7\u00e3o e da ci\u00eancia sem nunca\ndiscriminar aqueles que fazem op\u00e7\u00f5es paralelas que sempre tiveram o nosso\nrespeito\u201d, afirmou.<\/p>\n\n\n\n<p>Durante as exposi\u00e7\u00f5es os convidados comemoraram a\napresenta\u00e7\u00e3o do Projeto de Lei 2832\/21, da deputada Dra. Soraya Manato\n(PSL-ES), do qual o deputado \u00e9 coautor, e que cria o Dia Nacional do Crist\u00e3o. A\nideia \u00e9 a data seja celebrada anualmente no primeiro domingo de junho.<\/p>\n\n\n\n<p>A autora da proposta agradeceu o deputado Eli Borges pelo\nin\u00edcio das discuss\u00f5es e contou como a ideia do projeto surgiu.<\/p>\n\n\n\n<p>\u201cNa realidade, fiz esse projeto a pedido de nada, mais nada\nmenos do que o presidente Jair Messias Bolsonaro. Foi ele que me pediu para\nfazer esse Projeto de Lei do Dia Nacional do Crist\u00e3o. Na vinda dele ao Esp\u00edrito\nSanto h\u00e1 tr\u00eas meses, em S\u00e3o Mateus, antes do evento maior tivemos a reuni\u00e3o de\npastores e ele no final falou: \u2018Soraya voc\u00ea podia fazer esse projeto. Ent\u00e3o,\nest\u00e1 a\u00ed o projeto, a gente colocou esse projeto no papel. Hoje estamos nessa\naudi\u00eancia p\u00fablica. \u00c9 um projeto simples, mas \u00e9 um projeto muito importante para\ntodos n\u00f3s crist\u00e3os\u201d, revelou a deputada.<\/p>\n\n\n\n<p>Dentre os expositores o bispo e pastor Robson Rodovalho,\npresidente do Conselho Nacional dos Conselhos de Pastores do Brasil (CONCEPAB),\nfalou sobre a relev\u00e2ncia da cria\u00e7\u00e3o da data para o regaste do cristianismo e\nseu papel junto \u00e0 democracia.<\/p>\n\n\n\n<p>\u201cN\u00e3o existe na\u00e7\u00e3o democr\u00e1tica com sustenta\u00e7\u00e3o sem a base do\ncristianismo. As na\u00e7\u00f5es que sustentam a democracia, que tem democracia s\u00f3lida,\nconsolidada s\u00e3o na\u00e7\u00f5es de ra\u00edzes crist\u00e3s. Quer seja protestante, pelo menos\ncat\u00f3lico, as demais na\u00e7\u00f5es que n\u00e3o t\u00eam essa raiz elas n\u00e3o conseguem implantar\numa democracia. Talvez por falta desses valores de dar ao pr\u00f3ximo o que voc\u00ea\nquer a si mesmo, de amar ao seu pr\u00f3ximo o que foram os ensinamentos maiores de\nJesus Cristo. Ent\u00e3o, \u00e9 muito importante termos esse dia de refer\u00eancia para que\nnossos filhos, netos saibam o que \u00e9 ser crist\u00e3o\u201d, concluiu.<\/p>\n\n\n\n<p>O arcebispo metropolitano de Palmas, Dom Pedro Brito\nGuimar\u00e3es, manifestou apoio \u00e0 inciativa.<\/p>\n\n\n\n<p>\u201c\u00c9 um sinal (a institui\u00e7\u00e3o da data) de que n\u00f3s existimos,\nque temos valor, bandeira, compromisso, miss\u00e3o; que esse Dia do Crist\u00e3o possa\nmexer com as estruturas de todo mundo,&nbsp;\npara que a gente se comprometa com aquilo que \u00e9 do cora\u00e7\u00e3o de Cristo\u201d,\npontuou.<\/p>\n\n\n\n<p>Outra importante colabora\u00e7\u00e3o foi a do pastor Haberty\nCarvalho, membro da Assembleia de Deus. <\/p>\n\n\n\n<p>\u201cO crist\u00e3o, enquanto cidad\u00e3o, deve ter o seu dia celebrado,\na fim de reafirmar suas origens e prop\u00f3sitos. Em um ano de no m\u00ednimo 365 dias,\nem um contexto de centenas de datas, \u00e9 no m\u00ednimo razo\u00e1vel que se institua o Dia\nNacional do Crist\u00e3o\u201d, defendeu o pastor.<\/p>\n\n\n\n<p>Josimar Francisco da Silva, presidente do Conselho de\nPastores Evang\u00e9licos do Distrito Federal (COPEV\/DF), tamb\u00e9m concordou com a\ncria\u00e7\u00e3o do Dia Nacional do Crist\u00e3o e destacou que as igrejas tem tido papel\nfundamental no atendimento dos que necessitam.<\/p>\n\n\n\n<p>\u201cA na\u00e7\u00e3o brasileira agradece \u00e0s igrejas porque a igreja tem\nido a lugares que ningu\u00e9m tem ido. O Dia do Crist\u00e3o \u00e9 um dia justo, \u00e9 um dia\nque temos que celebrar\u201d, afirmou o presidente do COPEV\/DF.<\/p>\n\n\n\n<p>O mesmo foi apontado pelo representante da Igreja Batista\nNova Cana\u00e3 Paulo C\u00e9sar Lima Gomes.<\/p>\n\n\n\n<p>\u201cOs crist\u00e3os s\u00e3o com certeza hoje o povo que mais faz\nassist\u00eancia social, socorro \u00e0 popula\u00e7\u00e3o. As igrejas, independente das\ndenomina\u00e7\u00f5es, s\u00e3o restauradoras de fam\u00edlias, humanos e tem papel fundamental na\nna\u00e7\u00e3o brasileira\u201d, observou.<\/p>\n\n\n\n<p>Dados do IBGE mostram que 87% da popula\u00e7\u00e3o se define como\ncrist\u00e3.<\/p>\n\n\n\n<p><\/p>\n","protected":false},"excerpt":{"rendered":"<p>Na manh\u00e3 desta sexta-feira (5), a Comiss\u00e3o de Direitos Humanos e Minorias realizou audi\u00eancia p\u00fablica para tratar sobre a institui\u00e7\u00e3o do Dia Nacional do Crist\u00e3o. O evento aconteceu a pedido do deputado federal Eli Borges (Solidariedade-TO). O parlamentar considerou o encontro como um importante e hist\u00f3rico momento para reafirmar os valores crist\u00e3os, como a f\u00e9 [&hellip;]<\/p>\n","protected":false},"author":2,"featured_media":9769,"comment_status":"open","ping_status":"open","sticky":false,"template":"","format":"standard","meta":[],"categories":[8,4],"tags":[],"_links":{"self":[{"href":"https:\/\/dgospel.com.br\/portal\/index.php\/wp-json\/wp\/v2\/posts\/9768"}],"collection":[{"href":"https:\/\/dgospel.com.br\/portal\/index.php\/wp-json\/wp\/v2\/posts"}],"about":[{"href":"https:\/\/dgospel.com.br\/portal\/index.php\/wp-json\/wp\/v2\/types\/post"}],"author":[{"embeddable":true,"href":"https:\/\/dgospel.com.br\/portal\/index.php\/wp-json\/wp\/v2\/users\/2"}],"replies":[{"embeddable":true,"href":"https:\/\/dgospel.com.br\/portal\/index.php\/wp-json\/wp\/v2\/comments?post=9768"}],"version-history":[{"count":1,"href":"https:\/\/dgospel.com.br\/portal\/index.php\/wp-json\/wp\/v2\/posts\/9768\/revisions"}],"predecessor-version":[{"id":9770,"href":"https:\/\/dgospel.com.br\/portal\/index.php\/wp-json\/wp\/v2\/posts\/9768\/revisions\/9770"}],"wp:featuredmedia":[{"embeddable":true,"href":"https:\/\/dgospel.com.br\/portal\/index.php\/wp-json\/wp\/v2\/media\/9769"}],"wp:attachment":[{"href":"https:\/\/dgospel.com.br\/portal\/index.php\/wp-json\/wp\/v2\/media?parent=9768"}],"wp:term":[{"taxonomy":"category","embeddable":true,"href":"https:\/\/dgospel.com.br\/portal\/index.php\/wp-json\/wp\/v2\/categories?post=9768"},{"taxonomy":"post_tag","embeddable":true,"href":"https:\/\/dgospel.com.br\/portal\/index.php\/wp-json\/wp\/v2\/tags?post=9768"}],"curies":[{"name":"wp","href":"https:\/\/api.w.org\/{rel}","templated":true}]}}