{"id":9774,"date":"2021-11-08T22:51:03","date_gmt":"2021-11-09T01:51:03","guid":{"rendered":"http:\/\/dgospel.com.br\/portal\/?p=9774"},"modified":"2021-11-08T22:51:03","modified_gmt":"2021-11-09T01:51:03","slug":"bolsonaro-confirma-filiacao-ao-pl-talvez-saia-essa-semana","status":"publish","type":"post","link":"https:\/\/dgospel.com.br\/portal\/index.php\/2021\/11\/08\/bolsonaro-confirma-filiacao-ao-pl-talvez-saia-essa-semana\/","title":{"rendered":"Bolsonaro confirma filia\u00e7\u00e3o ao PL: \u201cTalvez saia essa semana\u201d"},"content":{"rendered":"\n<p> O presidente Jair Bolsonaro confirmou na noite desta segunda-feira (8), em conversa com apoiadores em frente ao Pal\u00e1cio da Alvorada, sua filia\u00e7\u00e3o ao PL para disputar as elei\u00e7\u00f5es de 2022. \u201cTalvez saia essa semana\u201d, disse o chefe do Executivo ap\u00f3s ser questionado por um simpatizante sobre a data de entrada no novo partido. <\/p>\n\n\n\n<p> Bolsonaro fechou a ida para o PL em um acerto que, at\u00e9 o momento, reserva ao PP o direito de indicar o candidato a vice na chapa para disputar a reelei\u00e7\u00e3o. A data favorita para a c\u00fapula do PL para o ato de filia\u00e7\u00e3o de Bolsonaro \u00e9 22 de novembro, em uma alus\u00e3o ao n\u00famero do partido na urna. <\/p>\n\n\n\n<p>Sigla do presidente da C\u00e2mara dos Deputados, Arthur Lira (AL), e do ministro da Casa Civil, Ciro Nogueira, o PP era a legenda favorita para abrigar Bolsonaro, mas acabou perdendo para o PL por duas raz\u00f5es. Primeiro, a dificuldade do Progressistas em conter a disposi\u00e7\u00e3o de diret\u00f3rios regionais em apoiar o PT em alguns estados, o que incomodava o presidente. Depois, a possibilidade de o PL entrar no arco de alian\u00e7as do ex-presidente Luiz In\u00e1cio Lula da Silva, que deve disputar o Pal\u00e1cio do Planalto pelo PT, caso fosse preterido.<\/p>\n\n\n\n<p>No entanto, o senador Wellington Fagundes (PL-MT), que se reuniu hoje com Bolsonaro, sinalizou com a possibilidade de a legenda liberar os diret\u00f3rios estaduais.<\/p>\n\n\n\n<p>\u2013 O Brasil \u00e9 muito grande, temos muitas diferen\u00e7as regionais e, claro, vivemos um pluripartidarismo. As elei\u00e7\u00f5es n\u00e3o ser\u00e3o verticalizadas, isso permite que facilite arranjos nos estados, porque temos que pensar em elei\u00e7\u00e3o no segundo turno \u2013 disse o parlamentar, na sa\u00edda do Planalto.<\/p>\n\n\n\n<p>*AE<\/p>\n","protected":false},"excerpt":{"rendered":"<p>O presidente Jair Bolsonaro confirmou na noite desta segunda-feira (8), em conversa com apoiadores em frente ao Pal\u00e1cio da Alvorada, sua filia\u00e7\u00e3o ao PL para disputar as elei\u00e7\u00f5es de 2022. \u201cTalvez saia essa semana\u201d, disse o chefe do Executivo ap\u00f3s ser questionado por um simpatizante sobre a data de entrada no novo partido. Bolsonaro fechou [&hellip;]<\/p>\n","protected":false},"author":2,"featured_media":9775,"comment_status":"open","ping_status":"open","sticky":false,"template":"","format":"standard","meta":[],"categories":[4],"tags":[13,14],"_links":{"self":[{"href":"https:\/\/dgospel.com.br\/portal\/index.php\/wp-json\/wp\/v2\/posts\/9774"}],"collection":[{"href":"https:\/\/dgospel.com.br\/portal\/index.php\/wp-json\/wp\/v2\/posts"}],"about":[{"href":"https:\/\/dgospel.com.br\/portal\/index.php\/wp-json\/wp\/v2\/types\/post"}],"author":[{"embeddable":true,"href":"https:\/\/dgospel.com.br\/portal\/index.php\/wp-json\/wp\/v2\/users\/2"}],"replies":[{"embeddable":true,"href":"https:\/\/dgospel.com.br\/portal\/index.php\/wp-json\/wp\/v2\/comments?post=9774"}],"version-history":[{"count":1,"href":"https:\/\/dgospel.com.br\/portal\/index.php\/wp-json\/wp\/v2\/posts\/9774\/revisions"}],"predecessor-version":[{"id":9776,"href":"https:\/\/dgospel.com.br\/portal\/index.php\/wp-json\/wp\/v2\/posts\/9774\/revisions\/9776"}],"wp:featuredmedia":[{"embeddable":true,"href":"https:\/\/dgospel.com.br\/portal\/index.php\/wp-json\/wp\/v2\/media\/9775"}],"wp:attachment":[{"href":"https:\/\/dgospel.com.br\/portal\/index.php\/wp-json\/wp\/v2\/media?parent=9774"}],"wp:term":[{"taxonomy":"category","embeddable":true,"href":"https:\/\/dgospel.com.br\/portal\/index.php\/wp-json\/wp\/v2\/categories?post=9774"},{"taxonomy":"post_tag","embeddable":true,"href":"https:\/\/dgospel.com.br\/portal\/index.php\/wp-json\/wp\/v2\/tags?post=9774"}],"curies":[{"name":"wp","href":"https:\/\/api.w.org\/{rel}","templated":true}]}}