{"id":9778,"date":"2021-11-08T23:11:46","date_gmt":"2021-11-09T02:11:46","guid":{"rendered":"http:\/\/dgospel.com.br\/portal\/?p=9778"},"modified":"2021-11-08T23:11:48","modified_gmt":"2021-11-09T02:11:48","slug":"encontro-geracao-esperanca-une-mais-de-mil-jovens-cristaos","status":"publish","type":"post","link":"https:\/\/dgospel.com.br\/portal\/index.php\/2021\/11\/08\/encontro-geracao-esperanca-une-mais-de-mil-jovens-cristaos\/","title":{"rendered":"Encontro Gera\u00e7\u00e3o Esperan\u00e7a une mais de mil jovens crist\u00e3os"},"content":{"rendered":"\n<p> Centenas de jovens crist\u00e3os, de diversas congrega\u00e7\u00f5es evang\u00e9licas do Rio de Janeiro, reuniram-se na Igreja do Recreio, no in\u00edcio do m\u00eas, para o primeiro encontro do Gera\u00e7\u00e3o Esperan\u00e7a. <\/p>\n\n\n\n<p> Essa \u00e9 uma das frentes da mobiliza\u00e7\u00e3o de evangelismo\u00a0<em>Esperan\u00e7a Rio<\/em>, da Associa\u00e7\u00e3o Evangel\u00edstica Billy Graham em parceria com mais de tr\u00eas mil igrejas evang\u00e9licas do Rio de Janeiro. <\/p>\n\n\n\n<p> A programa\u00e7\u00e3o, que durou cerca de quatro horas, contou com as participa\u00e7\u00f5es da banda Central 3 e do pastor Marcos Madaleno. Mais de 100 volunt\u00e1rios estiveram envolvidos no evento, que tamb\u00e9m teve transmiss\u00e3o ao vivo pelo canal Esperan\u00e7a Rio 2022, na plataforma YouTube. <\/p>\n\n\n\n<figure class=\"wp-block-embed-youtube wp-block-embed is-type-video is-provider-youtube wp-embed-aspect-16-9 wp-has-aspect-ratio\"><div class=\"wp-block-embed__wrapper\">\n<iframe loading=\"lazy\" title=\"Gera\u00e7\u00e3o Esperan\u00e7a | Esperan\u00e7a Rio  [HIGHLIGHTS]\" width=\"630\" height=\"354\" src=\"https:\/\/www.youtube.com\/embed\/t-iR0kew7GA?feature=oembed\" frameborder=\"0\" allow=\"accelerometer; autoplay; clipboard-write; encrypted-media; gyroscope; picture-in-picture\" allowfullscreen><\/iframe>\n<\/div><\/figure>\n\n\n\n<p>Para Gabriela Maganete e Pev\u00ea Brito, vocalistas da banda Central 3, a programa\u00e7\u00e3o aconteceu com liberdade no Esp\u00edrito Santo, e os participantes puderam contemplar a presen\u00e7a de Deus de forma n\u00edtida.<\/p>\n\n\n\n<p>\u2013 Participar do Gera\u00e7\u00e3o Esperan\u00e7a foi muito especial. Nos bastidores, ningu\u00e9m fica sabendo de muita coisa. Mas [houve] muitos empecilhos. Parecia que as trevas estavam enlouquecidas e n\u00e3o queriam, de jeito nenhum, que o momento do louvor e da Palavra acontecessem. A gente n\u00e3o estava entendendo antes, nos bastidores, o que estava acontecendo. O Pev\u00ea que discerniu mais e nos incentivou a manter o foco. E, quando subimos para ministrar, a gente entendeu o porqu\u00ea de tanta coisa estar acontecendo. Quando a gente subiu, o Esp\u00edrito Santo fluiu e mudou tudo na hora. Foi uma loucura, mas foi muita presen\u00e7a de Deus, foi muito especial \u2013 afirma a cantora.<\/p>\n\n\n\n<p>\u2013 Eu fiquei muito impactado com o que aconteceu hoje, em como Deus agiu. Ver as pessoas adorando e se entregando intensamente\u2026Isso me deu um al\u00edvio de saber que Deus tinha algo para fazer nesse lugar e Deus fez \u2013 declara Pev\u00ea.<\/p>\n\n\n\n<figure class=\"wp-block-image\"><img src=\"https:\/\/static.cdn.pleno.news\/2021\/11\/geracao-esperanca2-1024x769.jpg\" alt=\"\" class=\"wp-image-835836\"\/><figcaption>A programa\u00e7\u00e3o durou cerca de quatro horas&nbsp;Foto: Divulga\u00e7\u00e3o<\/figcaption><\/figure>\n\n\n\n<p>Al\u00e9m dos louvores ministrados pela banda Gera\u00e7\u00e3o Eleita e pela Central 3, a celebra\u00e7\u00e3o tamb\u00e9m contou com um momento de clamor pelos jovens do Rio de Janeiro. Nesse mesmo prop\u00f3sito, tamb\u00e9m houve a realiza\u00e7\u00e3o do Andr\u00e9 em A\u00e7\u00e3o, campanha que traz a proposta de cada pessoa orar por, pelo menos, tr\u00eas amigos ou familiares que ela deseja evangelizar e ganhar para Cristo at\u00e9 junho de 2022.<\/p>\n\n\n\n<p>De acordo com pastor Marcos Madaleno, que ministrou a Palavra no evento, hoje o que mais falta para os jovens crist\u00e3os do Brasil se posicionarem \u00e9 estarem dispon\u00edveis e dispostos ao que Deus deseja fazer, andando em unidade com o Corpo de Cristo.<\/p>\n\n\n\n<p>\u2013 Eu acredito que o que mais falta na juventude crist\u00e3 brasileira \u00e9 disponibilidade para fazer a vontade de Deus, e n\u00e3o a dela. Tem muita gente querendo come\u00e7ar onde outros est\u00e3o terminando. E a\u00ed tem muitos choques de gostos, vontades, prefer\u00eancias; uma gera\u00e7\u00e3o que julga a outra. Mas, quando n\u00f3s temos unidade, disponibilidade e a gente ouve e busca a Deus, n\u00e3o tem erro nenhum. Deus vai se manifestar. A nova gera\u00e7\u00e3o tem potencial, for\u00e7a e pode fazer a diferen\u00e7a. Se houver disponibilidade, unidade e estiver ouvindo a voz de Deus, n\u00e3o vai faltar mais nada \u2013 reafirma o l\u00edder.<\/p>\n\n\n\n<figure class=\"wp-block-image\"><img src=\"https:\/\/static.cdn.pleno.news\/2021\/11\/geracao-esperanca3-1024x682.jpg\" alt=\"\" class=\"wp-image-835852\"\/><figcaption>A proposta era levar despertamento aos jovens crist\u00e3os&nbsp;Foto: Divulga\u00e7\u00e3o<\/figcaption><\/figure>\n\n\n\n<p>O evento foi realizado para dar in\u00edcio as demais a\u00e7\u00f5es focadas em juventude que a mobiliza\u00e7\u00e3o&nbsp;<em>Esperan\u00e7a Rio<\/em>&nbsp;ir\u00e1 realizar at\u00e9 a celebra\u00e7\u00e3o final, em junho de 2022.<\/p>\n\n\n\n<p>A proposta desse primeiro encontro do Gera\u00e7\u00e3o Esperan\u00e7a era trazer despertamento aos jovens crist\u00e3os cariocas e fluminenses de modo a investirem sua vida em testemunho pessoal, evangeliza\u00e7\u00e3o e cuidado de vidas, por meio de discipulado, ora\u00e7\u00e3o e a\u00e7\u00f5es pr\u00e1ticas que ajudem a transformar o ambiente em que vivem.<\/p>\n\n\n\n<p>Segundo o pastor Davidson Freitas, secret\u00e1rio-executivo do&nbsp;<em>Esperan\u00e7a Rio<\/em>&nbsp;e coordenador do Gera\u00e7\u00e3o Esperan\u00e7a, a celebra\u00e7\u00e3o foi um tempo de adora\u00e7\u00e3o a Deus e de edifica\u00e7\u00e3o espiritual:<\/p>\n\n\n\n<p>\u2013 O evento inicial do Gera\u00e7\u00e3o Esperan\u00e7a foi um marco muito especial! O Senhor convocou, e centenas de jovens e adultos consagraram suas vidas, assumindo o compromisso de agirem com atos de amor, compaix\u00e3o e gra\u00e7a, para que aconte\u00e7a uma transforma\u00e7\u00e3o do Rio de Janeiro. Isso \u00e9 somente o come\u00e7o de tudo que o Senhor ir\u00e1 fazer no Rio de Janeiro atrav\u00e9s de um povo que se consagra e se compromete com o Reino de Deus \u2013 enfatiza Freitas.<\/p>\n\n\n\n<p>Fonte: pleno.news<\/p>\n","protected":false},"excerpt":{"rendered":"<p>Centenas de jovens crist\u00e3os, de diversas congrega\u00e7\u00f5es evang\u00e9licas do Rio de Janeiro, reuniram-se na Igreja do Recreio, no in\u00edcio do m\u00eas, para o primeiro encontro do Gera\u00e7\u00e3o Esperan\u00e7a. Essa \u00e9 uma das frentes da mobiliza\u00e7\u00e3o de evangelismo\u00a0Esperan\u00e7a Rio, da Associa\u00e7\u00e3o Evangel\u00edstica Billy Graham em parceria com mais de tr\u00eas mil igrejas evang\u00e9licas do Rio de [&hellip;]<\/p>\n","protected":false},"author":2,"featured_media":9779,"comment_status":"open","ping_status":"open","sticky":false,"template":"","format":"standard","meta":[],"categories":[5],"tags":[],"_links":{"self":[{"href":"https:\/\/dgospel.com.br\/portal\/index.php\/wp-json\/wp\/v2\/posts\/9778"}],"collection":[{"href":"https:\/\/dgospel.com.br\/portal\/index.php\/wp-json\/wp\/v2\/posts"}],"about":[{"href":"https:\/\/dgospel.com.br\/portal\/index.php\/wp-json\/wp\/v2\/types\/post"}],"author":[{"embeddable":true,"href":"https:\/\/dgospel.com.br\/portal\/index.php\/wp-json\/wp\/v2\/users\/2"}],"replies":[{"embeddable":true,"href":"https:\/\/dgospel.com.br\/portal\/index.php\/wp-json\/wp\/v2\/comments?post=9778"}],"version-history":[{"count":1,"href":"https:\/\/dgospel.com.br\/portal\/index.php\/wp-json\/wp\/v2\/posts\/9778\/revisions"}],"predecessor-version":[{"id":9780,"href":"https:\/\/dgospel.com.br\/portal\/index.php\/wp-json\/wp\/v2\/posts\/9778\/revisions\/9780"}],"wp:featuredmedia":[{"embeddable":true,"href":"https:\/\/dgospel.com.br\/portal\/index.php\/wp-json\/wp\/v2\/media\/9779"}],"wp:attachment":[{"href":"https:\/\/dgospel.com.br\/portal\/index.php\/wp-json\/wp\/v2\/media?parent=9778"}],"wp:term":[{"taxonomy":"category","embeddable":true,"href":"https:\/\/dgospel.com.br\/portal\/index.php\/wp-json\/wp\/v2\/categories?post=9778"},{"taxonomy":"post_tag","embeddable":true,"href":"https:\/\/dgospel.com.br\/portal\/index.php\/wp-json\/wp\/v2\/tags?post=9778"}],"curies":[{"name":"wp","href":"https:\/\/api.w.org\/{rel}","templated":true}]}}