{"id":9781,"date":"2021-11-08T23:20:03","date_gmt":"2021-11-09T02:20:03","guid":{"rendered":"http:\/\/dgospel.com.br\/portal\/?p=9781"},"modified":"2021-11-08T23:20:03","modified_gmt":"2021-11-09T02:20:03","slug":"copiloto-de-aviao-com-marilia-era-evangelico-e-pregava-servo","status":"publish","type":"post","link":"https:\/\/dgospel.com.br\/portal\/index.php\/2021\/11\/08\/copiloto-de-aviao-com-marilia-era-evangelico-e-pregava-servo\/","title":{"rendered":"Copiloto de avi\u00e3o com Mar\u00edlia era evang\u00e9lico e pregava: \u2018Servo\u2019"},"content":{"rendered":"\n<p>Tarciso Pessoa Viana, copiloto do avi\u00e3o que caiu com a cantora&nbsp;<a href=\"https:\/\/pleno.news\/tag\/marilia-mendonca\" target=\"_blank\" rel=\"noreferrer noopener\">Mar\u00edlia Mendon\u00e7a<\/a>, era evang\u00e9lico e tinha o h\u00e1bito de pregar em sua igreja. Em entrevista ao portal G1, ele foi descrito por sua irm\u00e3, Nagila do Vale, como um \u201cservo de Deus\u201d.<\/p>\n\n\n\n<p>\u2013 [Era] Imagem e semelhan\u00e7a de Deus e est\u00e1 na gl\u00f3ria com Ele. Deus, nosso Criador, nos promete a vida eterna, e cremos nisso como crist\u00e3os \u2013 completou a sua outra irm\u00e3, Nagila do Vale.<\/p>\n\n\n\n<p>Um dos amigos de Tarciso relatou, nas redes sociais, que o copiloto orou pela viagem que faria antes do acidente.<\/p>\n\n\n\n<p>\u2013 Deus preparou ele e o levou. Passou a sua noite engrandecendo o nome do Senhor, orando por almas, orando por essa viagem. Mesmo assim, o seu destino era o c\u00e9u, mas um c\u00e9u diferente, o \u00fanico c\u00e9u cheio da gl\u00f3ria de Deus \u2013 assinalou.<\/p>\n\n\n\n<p>Tarciso nasceu em Samambaia (DF) e fez o curso de forma\u00e7\u00e3o com muito esfor\u00e7o.<\/p>\n\n\n\n<p>\u2013 Lutou muito para ser piloto e morreu fazendo o que amava, voando \u2013 destacou Nadia.<\/p>\n\n\n\n<p>Seu filho, Pedro Viana, afirmou que seguir\u00e1 os passos do pai e est\u00e1 se formando piloto.<\/p>\n\n\n\n<p>\u2013 Meu pai era o melhor em tudo, melhor piloto, melhor pai, melhor servo de Deus. Agora, eu vou seguir a rota dos sonhos dele. Estou me formando piloto \u2013 declarou.<\/p>\n\n\n\n<p>Tarciso morreu na \u00faltima sexta-feira (5), em queda de avi\u00e3o que tamb\u00e9m tirou a vida da cantora Mar\u00edlia Mendon\u00e7a, na cidade de Caratinga, em Minas Gerais. Faleceram ainda o assessor Abicieli Silveira, tio da cantora, o produtor Henrique Ribeiro e o piloto Geraldo Medeiros.<\/p>\n","protected":false},"excerpt":{"rendered":"<p>Tarciso Pessoa Viana, copiloto do avi\u00e3o que caiu com a cantora&nbsp;Mar\u00edlia Mendon\u00e7a, era evang\u00e9lico e tinha o h\u00e1bito de pregar em sua igreja. Em entrevista ao portal G1, ele foi descrito por sua irm\u00e3, Nagila do Vale, como um \u201cservo de Deus\u201d. \u2013 [Era] Imagem e semelhan\u00e7a de Deus e est\u00e1 na gl\u00f3ria com Ele. [&hellip;]<\/p>\n","protected":false},"author":2,"featured_media":9782,"comment_status":"open","ping_status":"open","sticky":false,"template":"","format":"standard","meta":[],"categories":[5],"tags":[],"_links":{"self":[{"href":"https:\/\/dgospel.com.br\/portal\/index.php\/wp-json\/wp\/v2\/posts\/9781"}],"collection":[{"href":"https:\/\/dgospel.com.br\/portal\/index.php\/wp-json\/wp\/v2\/posts"}],"about":[{"href":"https:\/\/dgospel.com.br\/portal\/index.php\/wp-json\/wp\/v2\/types\/post"}],"author":[{"embeddable":true,"href":"https:\/\/dgospel.com.br\/portal\/index.php\/wp-json\/wp\/v2\/users\/2"}],"replies":[{"embeddable":true,"href":"https:\/\/dgospel.com.br\/portal\/index.php\/wp-json\/wp\/v2\/comments?post=9781"}],"version-history":[{"count":1,"href":"https:\/\/dgospel.com.br\/portal\/index.php\/wp-json\/wp\/v2\/posts\/9781\/revisions"}],"predecessor-version":[{"id":9783,"href":"https:\/\/dgospel.com.br\/portal\/index.php\/wp-json\/wp\/v2\/posts\/9781\/revisions\/9783"}],"wp:featuredmedia":[{"embeddable":true,"href":"https:\/\/dgospel.com.br\/portal\/index.php\/wp-json\/wp\/v2\/media\/9782"}],"wp:attachment":[{"href":"https:\/\/dgospel.com.br\/portal\/index.php\/wp-json\/wp\/v2\/media?parent=9781"}],"wp:term":[{"taxonomy":"category","embeddable":true,"href":"https:\/\/dgospel.com.br\/portal\/index.php\/wp-json\/wp\/v2\/categories?post=9781"},{"taxonomy":"post_tag","embeddable":true,"href":"https:\/\/dgospel.com.br\/portal\/index.php\/wp-json\/wp\/v2\/tags?post=9781"}],"curies":[{"name":"wp","href":"https:\/\/api.w.org\/{rel}","templated":true}]}}