{"id":9784,"date":"2021-11-08T23:25:07","date_gmt":"2021-11-09T02:25:07","guid":{"rendered":"http:\/\/dgospel.com.br\/portal\/?p=9784"},"modified":"2021-11-08T23:25:07","modified_gmt":"2021-11-09T02:25:07","slug":"bolsonaro-edita-decreto-que-regulamenta-o-auxilio-brasil","status":"publish","type":"post","link":"https:\/\/dgospel.com.br\/portal\/index.php\/2021\/11\/08\/bolsonaro-edita-decreto-que-regulamenta-o-auxilio-brasil\/","title":{"rendered":"Bolsonaro edita decreto que regulamenta o Aux\u00edlio Brasil"},"content":{"rendered":"\n<p>\n\nNesta segunda-feira (8), o presidente Jair Bolsonaro editou um decreto que regulamenta o Aux\u00edlio Brasil, benef\u00edcio social criado pelo governo para substituir o Bolsa Fam\u00edlia. O an\u00fancio foi feito pela Secretaria-Geral da Presid\u00eancia da Rep\u00fablica.\n\n<\/p>\n\n\n\n<p> Em agosto, Bolsonaro foi pessoalmente entregar \u00e0 C\u00e2mara dos Deputados o texto da Medida Provis\u00f3ria (MP) que cria o novo programa. A medida ainda aguarda vota\u00e7\u00e3o na Casa, mas a regulamenta\u00e7\u00e3o \u00e9 necess\u00e1ria para que o benef\u00edcio possa ser pago. <\/p>\n\n\n\n<p>De acordo com a Secretaria de Governo, o novo benef\u00edcio tem como \u201cum conceito fundamental\u201d a \u201ccria\u00e7\u00e3o de instrumentos para as fam\u00edlias se emanciparem\u201d. A Pasta explicou que \u201cos benefici\u00e1rios que tiverem aumento da renda per capita e essa nova renda ultrapasse o limite para a inclus\u00e3o no Aux\u00edlio Brasil, ser\u00e3o mantidos na folha de pagamento por mais 24 meses\u201d.<\/p>\n\n\n\n<p>No entanto, o governo apontou que \u201ca fam\u00edlia benefici\u00e1ria que deixar de receber o Aux\u00edlio Brasil, por vontade pr\u00f3pria ou ap\u00f3s os 24 meses, poder\u00e1 retornar ao programa com prioridade, sem enfrentar fila, desde que atenda aos requisitos de elegibilidade\u201d.<\/p>\n\n\n\n<p>A previs\u00e3o \u00e9 que os pagamentos j\u00e1 comecem a ser feitos este m\u00eas,&nbsp;<a href=\"https:\/\/pleno.news\/brasil\/politica-nacional\/auxilio-brasil-comeca-a-ser-pago-em-novembro-veja-o-calendario.html\">de acordo com o calend\u00e1rio divulgado<\/a>.<\/p>\n","protected":false},"excerpt":{"rendered":"<p>Nesta segunda-feira (8), o presidente Jair Bolsonaro editou um decreto que regulamenta o Aux\u00edlio Brasil, benef\u00edcio social criado pelo governo para substituir o Bolsa Fam\u00edlia. O an\u00fancio foi feito pela Secretaria-Geral da Presid\u00eancia da Rep\u00fablica. Em agosto, Bolsonaro foi pessoalmente entregar \u00e0 C\u00e2mara dos Deputados o texto da Medida Provis\u00f3ria (MP) que cria o novo [&hellip;]<\/p>\n","protected":false},"author":2,"featured_media":9785,"comment_status":"open","ping_status":"open","sticky":false,"template":"","format":"standard","meta":[],"categories":[4],"tags":[14],"_links":{"self":[{"href":"https:\/\/dgospel.com.br\/portal\/index.php\/wp-json\/wp\/v2\/posts\/9784"}],"collection":[{"href":"https:\/\/dgospel.com.br\/portal\/index.php\/wp-json\/wp\/v2\/posts"}],"about":[{"href":"https:\/\/dgospel.com.br\/portal\/index.php\/wp-json\/wp\/v2\/types\/post"}],"author":[{"embeddable":true,"href":"https:\/\/dgospel.com.br\/portal\/index.php\/wp-json\/wp\/v2\/users\/2"}],"replies":[{"embeddable":true,"href":"https:\/\/dgospel.com.br\/portal\/index.php\/wp-json\/wp\/v2\/comments?post=9784"}],"version-history":[{"count":1,"href":"https:\/\/dgospel.com.br\/portal\/index.php\/wp-json\/wp\/v2\/posts\/9784\/revisions"}],"predecessor-version":[{"id":9786,"href":"https:\/\/dgospel.com.br\/portal\/index.php\/wp-json\/wp\/v2\/posts\/9784\/revisions\/9786"}],"wp:featuredmedia":[{"embeddable":true,"href":"https:\/\/dgospel.com.br\/portal\/index.php\/wp-json\/wp\/v2\/media\/9785"}],"wp:attachment":[{"href":"https:\/\/dgospel.com.br\/portal\/index.php\/wp-json\/wp\/v2\/media?parent=9784"}],"wp:term":[{"taxonomy":"category","embeddable":true,"href":"https:\/\/dgospel.com.br\/portal\/index.php\/wp-json\/wp\/v2\/categories?post=9784"},{"taxonomy":"post_tag","embeddable":true,"href":"https:\/\/dgospel.com.br\/portal\/index.php\/wp-json\/wp\/v2\/tags?post=9784"}],"curies":[{"name":"wp","href":"https:\/\/api.w.org\/{rel}","templated":true}]}}