{"id":9787,"date":"2021-11-09T08:50:43","date_gmt":"2021-11-09T11:50:43","guid":{"rendered":"http:\/\/dgospel.com.br\/portal\/?p=9787"},"modified":"2021-11-09T08:50:44","modified_gmt":"2021-11-09T11:50:44","slug":"aos-87-anos-morre-iris-rezende-ex-governador-de-goias","status":"publish","type":"post","link":"https:\/\/dgospel.com.br\/portal\/index.php\/2021\/11\/09\/aos-87-anos-morre-iris-rezende-ex-governador-de-goias\/","title":{"rendered":"Aos 87 anos, morre Iris Rezende, ex-governador de Goi\u00e1s"},"content":{"rendered":"\n<p>Morreu, na madrugada desta ter\u00e7a-feira (9), o ex-governador de&nbsp;<a href=\"http:\/\/pleno.news\/tag\/goias\" target=\"_blank\" rel=\"noreferrer noopener\">Goi\u00e1s<\/a>&nbsp;e ex-prefeito de&nbsp;<a href=\"http:\/\/pleno.news\/tag\/goiania\" target=\"_blank\" rel=\"noreferrer noopener\">Goi\u00e2nia<\/a>, Iris Rezende, aos 87 anos. O pol\u00edtico ficou mais de tr\u00eas meses internado na tentativa de se recuperar de um acidente vascular cerebral (AVC) que sofreu em agosto. A morte ocorreu por volta de 0h30.<\/p>\n\n\n\n<p>De acordo com a assessoria do pol\u00edtico, o corpo ser\u00e1 velado no Pal\u00e1cio das Esmeraldas, a partir das 11h, em Goi\u00e2nia. O sepultamento ocorrer\u00e1 no cemit\u00e9rio Santana, tamb\u00e9m na capital goiana, e est\u00e1 previsto para as 17h. Iris passou as \u00faltimas semanas internado no Hospital Vila Nova Star, em S\u00e3o Paulo (SP).<\/p>\n\n\n\n<p>No \u00faltimo s\u00e1bado (6), o pol\u00edtico foi submetido a intuba\u00e7\u00e3o para tratar uma pneumonia que teve durante o tratamento contra o AVC. Desde ent\u00e3o, seu quadro piorou.<\/p>\n\n\n\n<p>O ex-governador foi internado no dia 6 de agosto ap\u00f3s sentir fortes dores de cabe\u00e7a e, no mesmo dia, passou por um procedimento cir\u00fargico para conter uma hemorragia na cabe\u00e7a. A equipe m\u00e9dica que o acompanhava avaliou que a opera\u00e7\u00e3o foi bem-sucedida. Depois disso, ele teve v\u00e1rios altos e baixos.<\/p>\n\n\n\n<p><strong>CARREIRA POL\u00cdTICA<\/strong><br>O pol\u00edtico nasceu em 22 de dezembro de 1933, em Cristian\u00f3polis, na regi\u00e3o sudeste de Goi\u00e1s, e formou-se em direito pela Universidade Federal de Goi\u00e1s (UFG). Iris come\u00e7ou a carreira pol\u00edtica em 1959, quando foi eleito vereador. Na \u00e9poca, foi o candidato com maior n\u00famero de votos e mais jovem da hist\u00f3ria da capital, aos 25 anos.<\/p>\n\n\n\n<p>Tr\u00eas anos depois, em 1962, foi eleito deputado estadual e, em 1965, assumiu a Prefeitura de Goi\u00e2nia, mas foi cassado. Durante o per\u00edodo em que ficou fora da administra\u00e7\u00e3o, Iris Rezende montou um escrit\u00f3rio de advocacia. Anos depois, ele assumiu como governador de Goi\u00e1s por dois mandatos, de 1983 a 1986 e de 1991 a 1994.<\/p>\n\n\n\n<p>Rezende tamb\u00e9m foi ministro da Agricultura do governo de Jos\u00e9 Sarney (PMDB), de 1986 a 1990, e em 1994 foi eleito senador da Rep\u00fablica. Em 2004, Iris se candidatou \u00e0 Prefeitura de Goi\u00e2nia, quando venceu o ent\u00e3o prefeito Pedro Wilson (PT).<\/p>\n\n\n\n<p>Rezende encerrou sua carreira pol\u00edtica em dezembro de 2020, ap\u00f3s concluir o quarto mandato como prefeito de Goi\u00e2nia. Desde ent\u00e3o, se dedicava a cuidar de sua fazenda e tamb\u00e9m do escrit\u00f3rio de advocacia.<\/p>\n","protected":false},"excerpt":{"rendered":"<p>Morreu, na madrugada desta ter\u00e7a-feira (9), o ex-governador de&nbsp;Goi\u00e1s&nbsp;e ex-prefeito de&nbsp;Goi\u00e2nia, Iris Rezende, aos 87 anos. O pol\u00edtico ficou mais de tr\u00eas meses internado na tentativa de se recuperar de um acidente vascular cerebral (AVC) que sofreu em agosto. A morte ocorreu por volta de 0h30. De acordo com a assessoria do pol\u00edtico, o corpo [&hellip;]<\/p>\n","protected":false},"author":2,"featured_media":9788,"comment_status":"open","ping_status":"open","sticky":false,"template":"","format":"standard","meta":[],"categories":[4],"tags":[],"_links":{"self":[{"href":"https:\/\/dgospel.com.br\/portal\/index.php\/wp-json\/wp\/v2\/posts\/9787"}],"collection":[{"href":"https:\/\/dgospel.com.br\/portal\/index.php\/wp-json\/wp\/v2\/posts"}],"about":[{"href":"https:\/\/dgospel.com.br\/portal\/index.php\/wp-json\/wp\/v2\/types\/post"}],"author":[{"embeddable":true,"href":"https:\/\/dgospel.com.br\/portal\/index.php\/wp-json\/wp\/v2\/users\/2"}],"replies":[{"embeddable":true,"href":"https:\/\/dgospel.com.br\/portal\/index.php\/wp-json\/wp\/v2\/comments?post=9787"}],"version-history":[{"count":1,"href":"https:\/\/dgospel.com.br\/portal\/index.php\/wp-json\/wp\/v2\/posts\/9787\/revisions"}],"predecessor-version":[{"id":9789,"href":"https:\/\/dgospel.com.br\/portal\/index.php\/wp-json\/wp\/v2\/posts\/9787\/revisions\/9789"}],"wp:featuredmedia":[{"embeddable":true,"href":"https:\/\/dgospel.com.br\/portal\/index.php\/wp-json\/wp\/v2\/media\/9788"}],"wp:attachment":[{"href":"https:\/\/dgospel.com.br\/portal\/index.php\/wp-json\/wp\/v2\/media?parent=9787"}],"wp:term":[{"taxonomy":"category","embeddable":true,"href":"https:\/\/dgospel.com.br\/portal\/index.php\/wp-json\/wp\/v2\/categories?post=9787"},{"taxonomy":"post_tag","embeddable":true,"href":"https:\/\/dgospel.com.br\/portal\/index.php\/wp-json\/wp\/v2\/tags?post=9787"}],"curies":[{"name":"wp","href":"https:\/\/api.w.org\/{rel}","templated":true}]}}