{"id":979,"date":"2018-08-10T17:53:18","date_gmt":"2018-08-10T20:53:18","guid":{"rendered":"http:\/\/dgospel.com.br\/portal\/?p=979"},"modified":"2018-08-10T17:53:18","modified_gmt":"2018-08-10T20:53:18","slug":"forcas-de-seguranca-se-reunem-para-garantir-a-tranquilidade-do-festival-gastronomico-de-taquarucu","status":"publish","type":"post","link":"https:\/\/dgospel.com.br\/portal\/index.php\/2018\/08\/10\/forcas-de-seguranca-se-reunem-para-garantir-a-tranquilidade-do-festival-gastronomico-de-taquarucu\/","title":{"rendered":"For\u00e7as de seguran\u00e7a se re\u00fanem para garantir a tranquilidade do Festival Gastron\u00f4mico de Taquaru\u00e7u"},"content":{"rendered":"<p class=\"yiv0135012477MsoNormal\">Como nas edi\u00e7\u00f5es anteriores, o Festival Gastron\u00f4mico de Taquaru\u00e7u contar\u00e1 com a uni\u00e3o de todas as for\u00e7as de seguran\u00e7a para garantir que durante o evento n\u00e3o haja nenhuma ocorr\u00eancia. E para isso, na tarde desta sexta-feira, 10, representantes dessas for\u00e7as de seguran\u00e7a estiveram reunidos na sede da Ag\u00eancia Municipal de Turismo (Agtur), no Centro de Conven\u00e7\u00f5es Arnould Rodrigues, para discutir o esquema de seguran\u00e7a do evento.<\/p>\n<p class=\"yiv0135012477MsoNormal\">Al\u00e9m do operacional da Guarda Metropolitana de Palmas (GMP) e dos agentes de Tr\u00e2nsito, o evento ter\u00e1 a parceria da Pol\u00edcia Militar, do Servi\u00e7o de Atendimento M\u00f3vel de Urg\u00eancia (Samu), agentes do Detran-TO\u00a0\u00a0e o Corpo de Bombeiros, para auxiliar na vigil\u00e2ncia do espa\u00e7o e na seguran\u00e7a.<\/p>\n<p class=\"yiv0135012477MsoNormal\">O presidente da Agtur, Eudes Assis, destacou que \u00e9 importante realizar essa reuni\u00e3o com anteced\u00eancia, para que garantir a seguran\u00e7a e tranquilidade do evento. \u201cA cada ano conseguimos atrair mais pessoas vindas de v\u00e1rias regi\u00f5es do estado e de outros estados, e para que possamos garantir que continue sendo eventos com zero de ocorr\u00eancias, nossas a\u00e7\u00f5es devem ser estrategicamente pensadas e executadas, garantindo a seguran\u00e7a e tranquilidade de todos\u201d, ressaltou o gestor.<\/p>\n<p class=\"yiv0135012477MsoNormal\"><b>\u00a0<\/b><\/p>\n<p class=\"yiv0135012477MsoNormal\"><b>FGT 2018<\/b><\/p>\n<p class=\"yiv0135012477MsoNormal\">Nesta 12\u00ba edi\u00e7\u00e3o, que acontece nos dias 05 a 09 de setembro,\u00a0\u00a0uma das principais novidades \u00e9 a amplia\u00e7\u00e3o do n\u00famero de participantes, que passou de 50 para 70. E conta com uma programa\u00e7\u00e3o nacional dos artistas Vitor e L\u00e9o, Dorgival Dantas, Biqu\u00edni Cavad\u00e3o, Tit\u00e3s, Rosa de Saron e Preto no Branco. Na Cozinha Show, os Chefs de Cozinha Guga Rocha, Jimmy Ogro e Andrea Shima e artistas convidados Mayana Neiva, Ellen Roche e Eriberto Le\u00e3o.<\/p>\n<p class=\"yiv0135012477MsoNormal\">\n","protected":false},"excerpt":{"rendered":"<p>Como nas edi\u00e7\u00f5es anteriores, o Festival Gastron\u00f4mico de Taquaru\u00e7u contar\u00e1 com a uni\u00e3o de todas as for\u00e7as de seguran\u00e7a para garantir que durante o evento n\u00e3o haja nenhuma ocorr\u00eancia. E para isso, na tarde desta sexta-feira, 10, representantes dessas for\u00e7as de seguran\u00e7a estiveram reunidos na sede da Ag\u00eancia Municipal de Turismo (Agtur), no Centro de [&hellip;]<\/p>\n","protected":false},"author":2,"featured_media":980,"comment_status":"open","ping_status":"open","sticky":false,"template":"","format":"standard","meta":[],"categories":[2,3],"tags":[],"_links":{"self":[{"href":"https:\/\/dgospel.com.br\/portal\/index.php\/wp-json\/wp\/v2\/posts\/979"}],"collection":[{"href":"https:\/\/dgospel.com.br\/portal\/index.php\/wp-json\/wp\/v2\/posts"}],"about":[{"href":"https:\/\/dgospel.com.br\/portal\/index.php\/wp-json\/wp\/v2\/types\/post"}],"author":[{"embeddable":true,"href":"https:\/\/dgospel.com.br\/portal\/index.php\/wp-json\/wp\/v2\/users\/2"}],"replies":[{"embeddable":true,"href":"https:\/\/dgospel.com.br\/portal\/index.php\/wp-json\/wp\/v2\/comments?post=979"}],"version-history":[{"count":1,"href":"https:\/\/dgospel.com.br\/portal\/index.php\/wp-json\/wp\/v2\/posts\/979\/revisions"}],"predecessor-version":[{"id":981,"href":"https:\/\/dgospel.com.br\/portal\/index.php\/wp-json\/wp\/v2\/posts\/979\/revisions\/981"}],"wp:featuredmedia":[{"embeddable":true,"href":"https:\/\/dgospel.com.br\/portal\/index.php\/wp-json\/wp\/v2\/media\/980"}],"wp:attachment":[{"href":"https:\/\/dgospel.com.br\/portal\/index.php\/wp-json\/wp\/v2\/media?parent=979"}],"wp:term":[{"taxonomy":"category","embeddable":true,"href":"https:\/\/dgospel.com.br\/portal\/index.php\/wp-json\/wp\/v2\/categories?post=979"},{"taxonomy":"post_tag","embeddable":true,"href":"https:\/\/dgospel.com.br\/portal\/index.php\/wp-json\/wp\/v2\/tags?post=979"}],"curies":[{"name":"wp","href":"https:\/\/api.w.org\/{rel}","templated":true}]}}