{"id":9790,"date":"2021-11-09T09:21:59","date_gmt":"2021-11-09T12:21:59","guid":{"rendered":"http:\/\/dgospel.com.br\/portal\/?p=9790"},"modified":"2021-11-09T09:22:01","modified_gmt":"2021-11-09T12:22:01","slug":"governador-wanderlei-barbosa-anuncia-programa-mesa-farta-que-ira-beneficiar-8-mil-familias-da-agricultura-familiar","status":"publish","type":"post","link":"https:\/\/dgospel.com.br\/portal\/index.php\/2021\/11\/09\/governador-wanderlei-barbosa-anuncia-programa-mesa-farta-que-ira-beneficiar-8-mil-familias-da-agricultura-familiar\/","title":{"rendered":"Governador Wanderlei Barbosa anuncia programa \u2018Mesa Farta\u2019 que ir\u00e1 beneficiar 8 mil fam\u00edlias da agricultura familiar"},"content":{"rendered":"\n<p>O governador em exerc\u00edcio do Estado do Tocantins, Wanderlei Barbosa, anunciou a prefeitos, secret\u00e1rios de agricultura municipais e produtores rurais, na tarde desta segunda-feira, 8, as diretrizes do programa Mesa Farta que tem como objetivo apoiar pequenos produtores rurais que foram impactados com a pandemia da covid-19. O programa ser\u00e1 articulado e coordenado pela Secretaria de Estado da Agricultura, Pecu\u00e1ria e Aquicultura (Seagro).<\/p>\n\n\n\n<p>O programa prev\u00ea a distribui\u00e7\u00e3o de 2,2 toneladas de sementes de milho, arroz e feij\u00e3o, para plantio, a agricultores familiares em todos os 139 munic\u00edpios do Estado, beneficiando cerca de 8 mil fam\u00edlias com perfis de produ\u00e7\u00e3o agr\u00edcola.&nbsp;<\/p>\n\n\n\n<p>O governador Wanderlei Barbosa destacou que o desejo da Gest\u00e3o \u00e9 o de transformar o cen\u00e1rio de inseguran\u00e7a alimentar causado pela pandemia e, ao mesmo tempo, promover a gera\u00e7\u00e3o de renda para essas fam\u00edlias. \u201cN\u00f3s, enquanto Governo, temos que ter esse cuidado de ajudar que esses pequenos produtores prosperem. A nossa orienta\u00e7\u00e3o \u00e9 que todos os produtores sejam beneficiados com esse programa voltado para o crescimento da agricultura familiar\u201d, destacou.&nbsp;<\/p>\n\n\n\n<p>O titular da Seagro, secret\u00e1rio, Jaime Caf\u00e9, refor\u00e7ou que o programa Mesa Farta levar\u00e1 comida \u00e0 mesa dos tocantinenses. \u201cEstamos entregando sementes e insumos que s\u00e3o itens essenciais da cesta b\u00e1sica, que \u00e9 o arroz e o feij\u00e3o; e o milho que o produtor usa para alimentar suas galinhas e porcos, que hoje est\u00e1 t\u00e3o caro para o produtor comprar. Ent\u00e3o este programa que estamos apresentando hoje levar\u00e1 comida para a mesa do tocantinense\u201d, ressaltou.&nbsp;<\/p>\n\n\n\n<p>A aquisi\u00e7\u00e3o das sementes foi realizada com recursos do Fundo Estadual de Combate e Erradica\u00e7\u00e3o \u00e0 Pobreza (Fecoep).<\/p>\n\n\n\n<p><strong>Sobre o Programa<\/strong><\/p>\n\n\n\n<p>O programa Mesa Farta contar\u00e1 com a integra\u00e7\u00e3o dos trabalhos dos t\u00e9cnicos do Instituto Rural do Tocantins (Ruraltins), das organiza\u00e7\u00f5es e sindicatos de produtores rurais.&nbsp; Os benefici\u00e1rios priorit\u00e1rios deste projeto ser\u00e3o agricultores familiares do Estado do Tocantins que se enquadram nas diretrizes da Pol\u00edtica Nacional da Agricultura Familiar e Empreendimentos Familiares Rurais, Lei n\u00ba 11.326, de 24 de julho de 2006.<\/p>\n\n\n\n<p>O secret\u00e1rio executivo de Estado da Agricultura, Adenauex Santana, explicou que a parceria das Secretarias Municipais de Agricultura ser\u00e1 de grande import\u00e2ncia para o sucesso do programa. \u201cTodo o projeto para ter o resultado esperado precisa de parcerias e \u00e9 isso que faremos agora. Ser\u00e1 celebrado um termo de coopera\u00e7\u00e3o t\u00e9cnica com os munic\u00edpios no qual o secret\u00e1rio municipal de agricultura e o prefeito assumem a responsabilidade de ajudar a identificar e distribuir essas sementes\u201d, pontuou.&nbsp;&nbsp;<\/p>\n\n\n\n<p>A partir desta ter\u00e7a-feira, 9, as sementes j\u00e1 poder\u00e3o ser retiradas na Secretaria de Estado da Agricultura, localizada em Palmas. Para evitar aglomera\u00e7\u00f5es, a Seagro orienta que os secret\u00e1rios de Agricultura fa\u00e7am o agendamento da retirada das sementes pelo email:&nbsp;<a href=\"mailto:agriculturafamiliar@seagro.to.com\">agriculturafamiliar@seagro.to.com<\/a>&nbsp;ou pelo telefone: 63 3218-7603.<\/p>\n\n\n\n<p>Para a retirada das sementes, o gestor municipal precisar\u00e1 apresentar o termo de coopera\u00e7\u00e3o t\u00e9cnica assinado pelo prefeito do munic\u00edpio.<\/p>\n\n\n\n<p><strong>Assist\u00eancia T\u00e9cnica<\/strong><\/p>\n\n\n\n<p>O presidente do Ruraltins, Fabiano Miranda, que tamb\u00e9m participou do evento, destacou que a equipe t\u00e9cnica da institui\u00e7\u00e3o estar\u00e1 a postos para colaborar com esse projeto. &#8220;O Ruraltins dar\u00e1 apoio no que for preciso, todos os produtores que procurarem o Instituto poder\u00e3o fazer uma an\u00e1lise do solo com custo zero, nossos t\u00e9cnicos j\u00e1 foram capacitados e agora \u00e9 produzir\u201d, finalizou.&nbsp;<\/p>\n\n\n\n<p><strong>Participa\u00e7\u00f5es<\/strong><\/p>\n\n\n\n<p>O secret\u00e1rio de Agricultura Familiar e Cooperativismo do Minist\u00e9rio da Agricultura (Mapa), C\u00e9sar Halum, participou de maneira remota do evento e ressaltou a import\u00e2ncia do programa. \u201cEsse \u00e9 um programa que restabelece a dignidade do cidad\u00e3o no campo. \u00c9 um dos programas mais importantes de combate \u00e0 pobreza no campo, de combate \u00e0 fome. A semente ela \u00e9 importante porque cada quilo de semente plantada, em m\u00e9dia n\u00f3s temos 60 quilos de alimentos produzidos. Isso \u00e9 um fator extremamente importante\u201d, destacou.&nbsp;<\/p>\n\n\n\n<p>O presidente da Associa\u00e7\u00e3o Tocantinense de Munic\u00edpios (ATM) e prefeito de Talism\u00e3, Diogo Borges, tamb\u00e9m participou da apresenta\u00e7\u00e3o e parabenizou a Gest\u00e3o pela iniciativa. \u201cEsse programa n\u00e3o poderia acontecer em melhor hora, todos os prefeitos est\u00e3o confiantes que esse programa poder\u00e1 levar renda para a nossa gente nos assentamentos, ch\u00e1caras e tenho certeza que n\u00f3s teremos um grande projeto e a ATM se coloca \u00e0 disposi\u00e7\u00e3o para colaborar neste programa\u201d, finalizou.&nbsp;<\/p>\n\n\n\n<figure class=\"wp-block-image\"><img src=\"https:\/\/central.to.gov.br\/image\/269111?w=565&amp;h=349\" alt=\"\"\/><\/figure>\n\n\n\n<p>O programa prev\u00ea a distribui\u00e7\u00e3o de sementes de arroz, feij\u00e3o e milho para produtores da agricultura familiar &#8211; Esequias Ara\u00fajo\/Governo do Tocantins\n\n<\/p>\n","protected":false},"excerpt":{"rendered":"<p>O governador em exerc\u00edcio do Estado do Tocantins, Wanderlei Barbosa, anunciou a prefeitos, secret\u00e1rios de agricultura municipais e produtores rurais, na tarde desta segunda-feira, 8, as diretrizes do programa Mesa Farta que tem como objetivo apoiar pequenos produtores rurais que foram impactados com a pandemia da covid-19. O programa ser\u00e1 articulado e coordenado pela Secretaria [&hellip;]<\/p>\n","protected":false},"author":2,"featured_media":9791,"comment_status":"open","ping_status":"open","sticky":false,"template":"","format":"standard","meta":[],"categories":[3],"tags":[13],"_links":{"self":[{"href":"https:\/\/dgospel.com.br\/portal\/index.php\/wp-json\/wp\/v2\/posts\/9790"}],"collection":[{"href":"https:\/\/dgospel.com.br\/portal\/index.php\/wp-json\/wp\/v2\/posts"}],"about":[{"href":"https:\/\/dgospel.com.br\/portal\/index.php\/wp-json\/wp\/v2\/types\/post"}],"author":[{"embeddable":true,"href":"https:\/\/dgospel.com.br\/portal\/index.php\/wp-json\/wp\/v2\/users\/2"}],"replies":[{"embeddable":true,"href":"https:\/\/dgospel.com.br\/portal\/index.php\/wp-json\/wp\/v2\/comments?post=9790"}],"version-history":[{"count":1,"href":"https:\/\/dgospel.com.br\/portal\/index.php\/wp-json\/wp\/v2\/posts\/9790\/revisions"}],"predecessor-version":[{"id":9792,"href":"https:\/\/dgospel.com.br\/portal\/index.php\/wp-json\/wp\/v2\/posts\/9790\/revisions\/9792"}],"wp:featuredmedia":[{"embeddable":true,"href":"https:\/\/dgospel.com.br\/portal\/index.php\/wp-json\/wp\/v2\/media\/9791"}],"wp:attachment":[{"href":"https:\/\/dgospel.com.br\/portal\/index.php\/wp-json\/wp\/v2\/media?parent=9790"}],"wp:term":[{"taxonomy":"category","embeddable":true,"href":"https:\/\/dgospel.com.br\/portal\/index.php\/wp-json\/wp\/v2\/categories?post=9790"},{"taxonomy":"post_tag","embeddable":true,"href":"https:\/\/dgospel.com.br\/portal\/index.php\/wp-json\/wp\/v2\/tags?post=9790"}],"curies":[{"name":"wp","href":"https:\/\/api.w.org\/{rel}","templated":true}]}}