{"id":9796,"date":"2021-11-09T17:21:41","date_gmt":"2021-11-09T20:21:41","guid":{"rendered":"http:\/\/dgospel.com.br\/portal\/?p=9796"},"modified":"2021-11-09T17:21:42","modified_gmt":"2021-11-09T20:21:42","slug":"governador-wanderlei-barbosa-anuncia-que-encaminhara-a-assembleia-materias-que-regulamentam-a-profissao","status":"publish","type":"post","link":"https:\/\/dgospel.com.br\/portal\/index.php\/2021\/11\/09\/governador-wanderlei-barbosa-anuncia-que-encaminhara-a-assembleia-materias-que-regulamentam-a-profissao\/","title":{"rendered":"Governador Wanderlei Barbosa anuncia que encaminhar\u00e1 \u00e0 Assembleia mat\u00e9rias que regulamentam a profiss\u00e3o"},"content":{"rendered":"\n<p>O governador em exerc\u00edcio do Estado do Tocantins, Wanderlei Barbosa, anunciou na manh\u00e3 desta ter\u00e7a-feira, 9, durante encontro com policiais penais, que encaminhar\u00e1 para a Assembleia Legislativa do Estado do Tocantins, ainda nesta ter\u00e7a, as mat\u00e9rias que regulamentam a profiss\u00e3o no \u00e2mbito Estadual, s\u00e3o elas: o Estatuto da Pol\u00edcia Penal e o Plano de Cargos, Carreiras e Subs\u00eddios (PCCS).<\/p>\n\n\n\n<p>A medida visa p\u00f4r fim a uma luta que j\u00e1 dura quatro anos. O governador Wanderlei Barbosa refor\u00e7ou o sentimento de orgulho em contribuir com a categoria. \u201cH\u00e1 tempos, n\u00f3s v\u00ednhamos discutindo essa quest\u00e3o da valoriza\u00e7\u00e3o da profiss\u00e3o. A Pol\u00edcia Penal \u00e9 organizada e qualificada, exercendo uma fun\u00e7\u00e3o em \u00e2mbito estadual de maneira muito satisfat\u00f3ria e eficiente. E, para n\u00f3s, \u00e9 uma honra mandar para a Assembleia esse projeto que reconhece as suas fun\u00e7\u00f5es e que d\u00e1 garantias que eram esperadas h\u00e1 muito tempo\u201d, destacou o Governador.<\/p>\n\n\n\n<p>O secret\u00e1rio de Estado da Cidadania e Justi\u00e7a (Seciju), Heber Fidelis, ressaltou que a pol\u00edcia penal tocantinense j\u00e1 \u00e9 reconhecida nacionalmente pela sua atua\u00e7\u00e3o e que, agora, ser\u00e1 reconhecida tamb\u00e9m pelo Governo do Tocantins. \u201cAtualmente, o Tocantins \u00e9 refer\u00eancia nacional em mat\u00e9ria de sistema penal. Estamos h\u00e1 um ano sem registro de fuga, nossas unidades prisionais t\u00eam procedimentos, temos mais de 50% dos nossos presos trabalhando e isso tudo \u00e9 fruto do trabalho da nossa pol\u00edcia penal e nada mais justo do que essa valoriza\u00e7\u00e3o\u201d, destacou.<\/p>\n\n\n\n<p>O presidente do Sindicato dos Policiais Penais do Tocantins (Sindippen-TO), Wilton Angelis, comemorou a decis\u00e3o. \u201cHoje \u00e9 um dia hist\u00f3rico para a policial penal que vem prestando um servi\u00e7o de excel\u00eancia no Estado. Quero agradecer ao governador Wanderlei Barbosa, que tem dado todo o suporte para a nossa categoria e nossa expectativa, agora, \u00e9 que na Assembleia o projeto seja aprovado com unanimidade\u201d, frisou.&nbsp;<\/p>\n\n\n\n<p><strong>Valoriza\u00e7\u00e3o<\/strong><\/p>\n\n\n\n<p>No \u00faltimo dia 26 de outubro, o governador Wanderlei Barbosa assinou a Medida Provis\u00f3ria (MP) que prorroga at\u00e9 outubro de 2022, o per\u00edodo de pagamento de indeniza\u00e7\u00f5es institu\u00eddo pela Lei Estadual n\u00b0 3.580\/19, que fixou o valor de R$ 500 para Indeniza\u00e7\u00e3o por Sujei\u00e7\u00e3o ao Trabalho Penitenci\u00e1rio e Prisional (ISTPP) e para Indeniza\u00e7\u00e3o por Sujei\u00e7\u00e3o ao Trabalho de Atendimento Socioeducativo (Isteas).<\/p>\n\n\n\n<p>A ISTPP abrange titulares de cargos de agente de execu\u00e7\u00e3o penal e analista de execu\u00e7\u00e3o penal do Sistema Penitenci\u00e1rio e Prisional Estadual; e a Isteas, os titulares de cargos de agente especialista socioeducativo, agente socioeducativo, motorista, t\u00e9cnico em enfermagem e agente de seguran\u00e7a socioeducativo.<\/p>\n\n\n\n<figure class=\"wp-block-image\"><img src=\"https:\/\/central.to.gov.br\/image\/269298?w=565&amp;h=349\" alt=\"\"\/><\/figure>\n\n\n\n<p>A medida do governador visa p\u00f4r fim a uma luta que j\u00e1 dura quatro anos &#8211; Aldemar Ribeiro\/Governo do Tocantins<\/p>\n\n\n\n<figure class=\"wp-block-image\"><img src=\"https:\/\/central.to.gov.br\/image\/269299?w=565&amp;h=349\" alt=\"\"\/><\/figure>\n\n\n\n<p>O secret\u00e1rio de Cidadania e Justi\u00e7a, Heber Fidelis, ressaltou que a pol\u00edcia penal tocantinense \u00e9 refer\u00eancia no Brasil pela sua atua\u00e7\u00e3o &#8211; Aldemar Ribeiro\/Governo do Tocantins.<br><\/p>\n","protected":false},"excerpt":{"rendered":"<p>O governador em exerc\u00edcio do Estado do Tocantins, Wanderlei Barbosa, anunciou na manh\u00e3 desta ter\u00e7a-feira, 9, durante encontro com policiais penais, que encaminhar\u00e1 para a Assembleia Legislativa do Estado do Tocantins, ainda nesta ter\u00e7a, as mat\u00e9rias que regulamentam a profiss\u00e3o no \u00e2mbito Estadual, s\u00e3o elas: o Estatuto da Pol\u00edcia Penal e o Plano de Cargos, [&hellip;]<\/p>\n","protected":false},"author":2,"featured_media":9797,"comment_status":"open","ping_status":"open","sticky":false,"template":"","format":"standard","meta":[],"categories":[3],"tags":[13],"_links":{"self":[{"href":"https:\/\/dgospel.com.br\/portal\/index.php\/wp-json\/wp\/v2\/posts\/9796"}],"collection":[{"href":"https:\/\/dgospel.com.br\/portal\/index.php\/wp-json\/wp\/v2\/posts"}],"about":[{"href":"https:\/\/dgospel.com.br\/portal\/index.php\/wp-json\/wp\/v2\/types\/post"}],"author":[{"embeddable":true,"href":"https:\/\/dgospel.com.br\/portal\/index.php\/wp-json\/wp\/v2\/users\/2"}],"replies":[{"embeddable":true,"href":"https:\/\/dgospel.com.br\/portal\/index.php\/wp-json\/wp\/v2\/comments?post=9796"}],"version-history":[{"count":1,"href":"https:\/\/dgospel.com.br\/portal\/index.php\/wp-json\/wp\/v2\/posts\/9796\/revisions"}],"predecessor-version":[{"id":9798,"href":"https:\/\/dgospel.com.br\/portal\/index.php\/wp-json\/wp\/v2\/posts\/9796\/revisions\/9798"}],"wp:featuredmedia":[{"embeddable":true,"href":"https:\/\/dgospel.com.br\/portal\/index.php\/wp-json\/wp\/v2\/media\/9797"}],"wp:attachment":[{"href":"https:\/\/dgospel.com.br\/portal\/index.php\/wp-json\/wp\/v2\/media?parent=9796"}],"wp:term":[{"taxonomy":"category","embeddable":true,"href":"https:\/\/dgospel.com.br\/portal\/index.php\/wp-json\/wp\/v2\/categories?post=9796"},{"taxonomy":"post_tag","embeddable":true,"href":"https:\/\/dgospel.com.br\/portal\/index.php\/wp-json\/wp\/v2\/tags?post=9796"}],"curies":[{"name":"wp","href":"https:\/\/api.w.org\/{rel}","templated":true}]}}