{"id":9799,"date":"2021-11-10T00:20:40","date_gmt":"2021-11-10T03:20:40","guid":{"rendered":"http:\/\/dgospel.com.br\/portal\/?p=9799"},"modified":"2021-11-10T00:20:41","modified_gmt":"2021-11-10T03:20:41","slug":"vereador-rubens-uchoa-lamenta-o-falecimento-do-pastor-joao-manchinha","status":"publish","type":"post","link":"https:\/\/dgospel.com.br\/portal\/index.php\/2021\/11\/10\/vereador-rubens-uchoa-lamenta-o-falecimento-do-pastor-joao-manchinha\/","title":{"rendered":"Vereador Rubens Uch\u00f4a lamenta o falecimento do pastor Jo\u00e3o Manchinha"},"content":{"rendered":"\n<p>O\nvice-presidente da C\u00e2mara Municipal de Palmas-TO, vereador Rubens Uch\u00f4a, emitiu\nnota de pesar lamentando o falecimento do Pastor Jo\u00e3o Batista Evangelista, (Jo\u00e3o Manchinha),\nocorrido na noite desta ter\u00e7a-feira, 09, v\u00edtima de Covid-19.<\/p>\n\n\n\n<p>Uch\u00f4a disse que foi com muito pesar que recebeu a triste not\u00edcia do falecimento do\npastor Jo\u00e3o Batista Evangelista. \u201cEra um amigo, homem\n\u00edntegro, alegre, bondoso, corajoso, ousado, empreendedor, dedicado a obra do\nSenhor, sempre disposto a ajudar o pr\u00f3ximo, sorrindo e nos fazendo\nsorrir. Deixou um legado de f\u00e9 e dedica\u00e7\u00e3o\u201d, disse.<\/p>\n\n\n\n<p>O vereador externou seus sinceros sentimentos\nde pesar e rogou a Deus que conceda o\nconsolo aos cora\u00e7\u00f5es dos familiares, amigos e aos irm\u00e3os da igreja que era\npresidida pelo l\u00edder.<\/p>\n\n\n\n<p><strong><em>Confira a nota<\/em><\/strong><\/p>\n\n\n\n<p><em>Com muito pesar recebi a\ntriste not\u00edcia do falecimento do pastor Jo\u00e3o Batista Evangelista, o Jo\u00e3o\nManchinha como era conhecido, ocorrido nesta ter\u00e7a-feira, 9 de novembro, em\nPalmas.<\/em><\/p>\n\n\n\n<p><em>Pastor <\/em><em>Jo\u00e3o Manchinha<\/em><em> era um amigo,<\/em><em> <\/em><em>homem\n\u00edntegro, alegre, bondoso, corajoso, ousado, empreendedor, dedicado a obra do\nSenhor, <\/em><em>sempre\ndisposto a ajudar o pr\u00f3ximo,<\/em><em> sorrindo e nos fazendo\nsorrir. Deixou um legado de f\u00e9 e dedica\u00e7\u00e3o <\/em><em><\/em><\/p>\n\n\n\n<p><em>N<\/em><em>este momento d<\/em><em>e\ndespedida<\/em><em>, externo meus sinceros sentimentos, rogando ao nosso\neterno Deus para que conceda o consolo aos cora\u00e7\u00f5es dos familiares, amigos e\naos nossos irm\u00e3os da igreja.<\/em><\/p>\n\n\n\n<p><em>Rubens Uch\u00f4a<\/em><em><\/em><\/p>\n\n\n\n<p><em>Vereador<\/em><\/p>\n","protected":false},"excerpt":{"rendered":"<p>O vice-presidente da C\u00e2mara Municipal de Palmas-TO, vereador Rubens Uch\u00f4a, emitiu nota de pesar lamentando o falecimento do Pastor Jo\u00e3o Batista Evangelista, (Jo\u00e3o Manchinha), ocorrido na noite desta ter\u00e7a-feira, 09, v\u00edtima de Covid-19. Uch\u00f4a disse que foi com muito pesar que recebeu a triste not\u00edcia do falecimento do pastor Jo\u00e3o Batista Evangelista. \u201cEra um amigo, [&hellip;]<\/p>\n","protected":false},"author":2,"featured_media":9800,"comment_status":"open","ping_status":"open","sticky":false,"template":"","format":"standard","meta":[],"categories":[8],"tags":[],"_links":{"self":[{"href":"https:\/\/dgospel.com.br\/portal\/index.php\/wp-json\/wp\/v2\/posts\/9799"}],"collection":[{"href":"https:\/\/dgospel.com.br\/portal\/index.php\/wp-json\/wp\/v2\/posts"}],"about":[{"href":"https:\/\/dgospel.com.br\/portal\/index.php\/wp-json\/wp\/v2\/types\/post"}],"author":[{"embeddable":true,"href":"https:\/\/dgospel.com.br\/portal\/index.php\/wp-json\/wp\/v2\/users\/2"}],"replies":[{"embeddable":true,"href":"https:\/\/dgospel.com.br\/portal\/index.php\/wp-json\/wp\/v2\/comments?post=9799"}],"version-history":[{"count":1,"href":"https:\/\/dgospel.com.br\/portal\/index.php\/wp-json\/wp\/v2\/posts\/9799\/revisions"}],"predecessor-version":[{"id":9801,"href":"https:\/\/dgospel.com.br\/portal\/index.php\/wp-json\/wp\/v2\/posts\/9799\/revisions\/9801"}],"wp:featuredmedia":[{"embeddable":true,"href":"https:\/\/dgospel.com.br\/portal\/index.php\/wp-json\/wp\/v2\/media\/9800"}],"wp:attachment":[{"href":"https:\/\/dgospel.com.br\/portal\/index.php\/wp-json\/wp\/v2\/media?parent=9799"}],"wp:term":[{"taxonomy":"category","embeddable":true,"href":"https:\/\/dgospel.com.br\/portal\/index.php\/wp-json\/wp\/v2\/categories?post=9799"},{"taxonomy":"post_tag","embeddable":true,"href":"https:\/\/dgospel.com.br\/portal\/index.php\/wp-json\/wp\/v2\/tags?post=9799"}],"curies":[{"name":"wp","href":"https:\/\/api.w.org\/{rel}","templated":true}]}}