{"id":9806,"date":"2021-11-12T10:08:31","date_gmt":"2021-11-12T13:08:31","guid":{"rendered":"http:\/\/dgospel.com.br\/portal\/?p=9806"},"modified":"2021-11-12T10:08:32","modified_gmt":"2021-11-12T13:08:32","slug":"bolsonaro-passa-a-isentar-icms-de-empresa-que-doar-alimentos","status":"publish","type":"post","link":"https:\/\/dgospel.com.br\/portal\/index.php\/2021\/11\/12\/bolsonaro-passa-a-isentar-icms-de-empresa-que-doar-alimentos\/","title":{"rendered":"Bolsonaro passa a isentar ICMS de empresa que doar alimentos"},"content":{"rendered":"\n<p> O governo federal lan\u00e7ou nesta quinta-feira (11) o programa social Comida no Prato, em parceria com o Brasil Fraterno, do Minist\u00e9rio da Cidadania. O evento aconteceu no Pal\u00e1cio do Planalto, em Bras\u00edlia. <\/p>\n\n\n\n<p> O programa ir\u00e1 proporcionar isen\u00e7\u00e3o no ICMS (Imposto sobre Circula\u00e7\u00e3o de Mercadorias) para empresas que doarem alimentos para institui\u00e7\u00f5es. <\/p>\n\n\n\n<p>O ministro da Cidadania, Jo\u00e3o Roma, afirmou que a iniciativa foi viabilizada ap\u00f3s um conv\u00eanio com o Comsefaz (Comit\u00ea Nacional de Secret\u00e1rios Estaduais de Fazenda). O programa atualiza as regras para alimentos pr\u00f3ximos do vencimento.<\/p>\n\n\n\n<p>\u2013 Antes do vencimento, a ind\u00fastria vai l\u00e1 e retira esse produto [do supermercado] para reposi\u00e7\u00e3o. N\u00e3o pode extrapolar o vencimento. E a\u00ed se faz a log\u00edstica reversa, que j\u00e1 \u00e9 uma despesa para a ind\u00fastria. Significa dar destina\u00e7\u00e3o a um produto que ainda est\u00e1 apto para consumo, pois sequer passou da data de vencimento. E a destina\u00e7\u00e3o \u00e9 sin\u00f4nimo de incinera\u00e7\u00e3o, destruir aquele produto. N\u00e3o pode nem jogar no lixo. Quando ele faz essa log\u00edstica reversa, ele fica isento, portanto, da tributa\u00e7\u00e3o \u2013 explicou o ministro, afirmando que, em vez do descarte, o produto ser\u00e1 encaminhado a bancos de doa\u00e7\u00e3o de alimentos em todo o pa\u00eds.<\/p>\n","protected":false},"excerpt":{"rendered":"<p>O governo federal lan\u00e7ou nesta quinta-feira (11) o programa social Comida no Prato, em parceria com o Brasil Fraterno, do Minist\u00e9rio da Cidadania. O evento aconteceu no Pal\u00e1cio do Planalto, em Bras\u00edlia. O programa ir\u00e1 proporcionar isen\u00e7\u00e3o no ICMS (Imposto sobre Circula\u00e7\u00e3o de Mercadorias) para empresas que doarem alimentos para institui\u00e7\u00f5es. O ministro da Cidadania, [&hellip;]<\/p>\n","protected":false},"author":2,"featured_media":9807,"comment_status":"open","ping_status":"open","sticky":false,"template":"","format":"standard","meta":[],"categories":[4],"tags":[13,14],"_links":{"self":[{"href":"https:\/\/dgospel.com.br\/portal\/index.php\/wp-json\/wp\/v2\/posts\/9806"}],"collection":[{"href":"https:\/\/dgospel.com.br\/portal\/index.php\/wp-json\/wp\/v2\/posts"}],"about":[{"href":"https:\/\/dgospel.com.br\/portal\/index.php\/wp-json\/wp\/v2\/types\/post"}],"author":[{"embeddable":true,"href":"https:\/\/dgospel.com.br\/portal\/index.php\/wp-json\/wp\/v2\/users\/2"}],"replies":[{"embeddable":true,"href":"https:\/\/dgospel.com.br\/portal\/index.php\/wp-json\/wp\/v2\/comments?post=9806"}],"version-history":[{"count":1,"href":"https:\/\/dgospel.com.br\/portal\/index.php\/wp-json\/wp\/v2\/posts\/9806\/revisions"}],"predecessor-version":[{"id":9808,"href":"https:\/\/dgospel.com.br\/portal\/index.php\/wp-json\/wp\/v2\/posts\/9806\/revisions\/9808"}],"wp:featuredmedia":[{"embeddable":true,"href":"https:\/\/dgospel.com.br\/portal\/index.php\/wp-json\/wp\/v2\/media\/9807"}],"wp:attachment":[{"href":"https:\/\/dgospel.com.br\/portal\/index.php\/wp-json\/wp\/v2\/media?parent=9806"}],"wp:term":[{"taxonomy":"category","embeddable":true,"href":"https:\/\/dgospel.com.br\/portal\/index.php\/wp-json\/wp\/v2\/categories?post=9806"},{"taxonomy":"post_tag","embeddable":true,"href":"https:\/\/dgospel.com.br\/portal\/index.php\/wp-json\/wp\/v2\/tags?post=9806"}],"curies":[{"name":"wp","href":"https:\/\/api.w.org\/{rel}","templated":true}]}}