{"id":9809,"date":"2021-11-12T10:14:46","date_gmt":"2021-11-12T13:14:46","guid":{"rendered":"http:\/\/dgospel.com.br\/portal\/?p=9809"},"modified":"2021-11-12T10:14:47","modified_gmt":"2021-11-12T13:14:47","slug":"deus-tem-me-fortalecido-diz-mae-de-marilia-mendonca-em-culto","status":"publish","type":"post","link":"https:\/\/dgospel.com.br\/portal\/index.php\/2021\/11\/12\/deus-tem-me-fortalecido-diz-mae-de-marilia-mendonca-em-culto\/","title":{"rendered":"\u201cDeus tem me fortalecido\u201d, diz m\u00e3e de Mar\u00edlia Mendon\u00e7a em culto"},"content":{"rendered":"\n<p>A Igreja Assembleia de Deus, em Goi\u00e2nia, realizou um culto em homenagem a&nbsp;<strong><a href=\"https:\/\/www.guiame.com.br\/gospel\/noticias\/ela-me-disse-que-tinha-entregado-o-coracao-deus-diz-pastor-sobre-marilia-mendonca.html\">Mar\u00edlia Mendon\u00e7a<\/a><\/strong>, que contou com a presen\u00e7a da m\u00e3e da cantora, Ruth Dias.<\/p>\n\n\n\n<p>O culto, que aconteceu na noite de quinta-feira (11), foi restrito para familiares e amigos mais pr\u00f3ximos. Mar\u00edlia morreu em um acidente de avi\u00e3o em Minas Gerais junto com o tio e mais tr\u00eas pessoas.<\/p>\n\n\n\n<p>&#8220;Quero agradecer minha fam\u00edlia que est\u00e1 toda aqui. Gente, \u00e9 grande a perda, \u00e9 dor demais. Perdi meu irm\u00e3o, perdi minha filha e um produtor que era quase um filho, mas Deus tem me fortalecido&#8221;, disse Ruth.<\/p>\n\n\n\n<p>Tamb\u00e9m participaram da cerim\u00f4nia: o ex-namorado Murilo Huff; as duplas Maiara e Maraisa e Henrique e Juliano e Hugo Henrique. O filho da cantora L\u00e9o Dias Mendon\u00e7a Ruff, de 1 ano, n\u00e3o estava na igreja.<\/p>\n\n\n\n<p><strong><a href=\"https:\/\/www.guiame.com.br\/gospel\/mundo-cristao\/deus-me-deu-deus-tirou-bendito-seja-o-nome-do-senhor-diz-mae-de-marilia-mendonca.html\">Ruth Dias<\/a><\/strong>&nbsp;aproveitou ainda para fazer agradecimentos \u00e0 fam\u00edlia e amigos.<\/p>\n\n\n\n<p>&#8220;O que a Mar\u00edlia queria mesmo \u00e9 que a gente viesse alegrar o nome de Deus. Agradecer e louvar a Deus pelos 26 anos que Deus deixou ela comigo. Pelo legado que ela deixou aqui. Boa filha, boa m\u00e3e&#8221;, disse.<\/p>\n\n\n\n<p><strong>Emo\u00e7\u00e3o<\/strong><\/p>\n\n\n\n<p>Ruth e a filha eram muito ligadas e frequentemente cantavam louvores juntas.<\/p>\n\n\n\n<figure class=\"wp-block-embed-youtube wp-block-embed is-type-video is-provider-youtube wp-embed-aspect-16-9 wp-has-aspect-ratio\"><div class=\"wp-block-embed__wrapper\">\n<iframe loading=\"lazy\" title=\"QUERO SER COMO CRIAN\u00c7A - MAR\u00cdLIA MENDON\u00c7A E A M\u00c3E, RUTH\" width=\"630\" height=\"354\" src=\"https:\/\/www.youtube.com\/embed\/3YjNrvk0wZM?feature=oembed\" frameborder=\"0\" allow=\"accelerometer; autoplay; clipboard-write; encrypted-media; gyroscope; picture-in-picture\" allowfullscreen><\/iframe>\n<\/div><\/figure>\n\n\n\n<p>Durante o culto, a dupla Maiara e Maraisa cantou um louvor. Maiara se emocionou e come\u00e7ou a chorar no meio da can\u00e7\u00e3o.<\/p>\n\n\n\n<p>&nbsp;\u201cObrigada Deus por nos permitir honrar a nossa amiga. E vamos honrar at\u00e9 o fim\u201d, disse Maiara.<\/p>\n\n\n\n<p>O audit\u00f3rio da igreja tem capacidade para 350 pessoas. A pastora Vilma Mello, uma das que realizou a celebra\u00e7\u00e3o, contou que conhecia Mar\u00edlia e que ela sempre frequentava a igreja. Ela disse ainda que esteve com a fam\u00edlia de Mar\u00edlia dias antes da morte da cantora, quando foi realizado o anivers\u00e1rio de Ruth Dias. O bispo Oides Jos\u00e9 do Carmo tamb\u00e9m participou da cerim\u00f4nia.<\/p>\n\n\n\n<p>\u201cN\u00f3s vamos cultuar a Deus. Vamos valorizar o Senhor, porque ela j\u00e1 n\u00e3o est\u00e1 aqui conosco. E a alegria que n\u00f3s temos hoje \u00e9 porque ela foi em paz. Ela conheceu Jesus, ent\u00e3o, a gente sabe que ela teve a salva\u00e7\u00e3o\u201d, disse a pastora em entrevista ao g1.<\/p>\n\n\n\n<p>Mar\u00edlia Mendon\u00e7a nasceu em Cristian\u00f3polis em 22 de julho de 1995. Entre os seus grandes sucessos, que a colocaram como uma das cantoras mais ouvidas do pa\u00eds, est\u00e3o &#8220;Infiel&#8221;, &#8220;De quem \u00e9 a culpa?&#8221; e &#8220;Eu sei de cor&#8221;.<\/p>\n","protected":false},"excerpt":{"rendered":"<p>A Igreja Assembleia de Deus, em Goi\u00e2nia, realizou um culto em homenagem a&nbsp;Mar\u00edlia Mendon\u00e7a, que contou com a presen\u00e7a da m\u00e3e da cantora, Ruth Dias. O culto, que aconteceu na noite de quinta-feira (11), foi restrito para familiares e amigos mais pr\u00f3ximos. Mar\u00edlia morreu em um acidente de avi\u00e3o em Minas Gerais junto com o [&hellip;]<\/p>\n","protected":false},"author":2,"featured_media":9810,"comment_status":"open","ping_status":"open","sticky":false,"template":"","format":"standard","meta":[],"categories":[17,5],"tags":[],"_links":{"self":[{"href":"https:\/\/dgospel.com.br\/portal\/index.php\/wp-json\/wp\/v2\/posts\/9809"}],"collection":[{"href":"https:\/\/dgospel.com.br\/portal\/index.php\/wp-json\/wp\/v2\/posts"}],"about":[{"href":"https:\/\/dgospel.com.br\/portal\/index.php\/wp-json\/wp\/v2\/types\/post"}],"author":[{"embeddable":true,"href":"https:\/\/dgospel.com.br\/portal\/index.php\/wp-json\/wp\/v2\/users\/2"}],"replies":[{"embeddable":true,"href":"https:\/\/dgospel.com.br\/portal\/index.php\/wp-json\/wp\/v2\/comments?post=9809"}],"version-history":[{"count":1,"href":"https:\/\/dgospel.com.br\/portal\/index.php\/wp-json\/wp\/v2\/posts\/9809\/revisions"}],"predecessor-version":[{"id":9811,"href":"https:\/\/dgospel.com.br\/portal\/index.php\/wp-json\/wp\/v2\/posts\/9809\/revisions\/9811"}],"wp:featuredmedia":[{"embeddable":true,"href":"https:\/\/dgospel.com.br\/portal\/index.php\/wp-json\/wp\/v2\/media\/9810"}],"wp:attachment":[{"href":"https:\/\/dgospel.com.br\/portal\/index.php\/wp-json\/wp\/v2\/media?parent=9809"}],"wp:term":[{"taxonomy":"category","embeddable":true,"href":"https:\/\/dgospel.com.br\/portal\/index.php\/wp-json\/wp\/v2\/categories?post=9809"},{"taxonomy":"post_tag","embeddable":true,"href":"https:\/\/dgospel.com.br\/portal\/index.php\/wp-json\/wp\/v2\/tags?post=9809"}],"curies":[{"name":"wp","href":"https:\/\/api.w.org\/{rel}","templated":true}]}}