{"id":9828,"date":"2021-11-13T08:59:39","date_gmt":"2021-11-13T11:59:39","guid":{"rendered":"http:\/\/dgospel.com.br\/portal\/?p=9828"},"modified":"2021-11-13T08:59:40","modified_gmt":"2021-11-13T11:59:40","slug":"barroso-autoriza-demissao-de-nao-vacinados-contra-a-covid-19","status":"publish","type":"post","link":"https:\/\/dgospel.com.br\/portal\/index.php\/2021\/11\/13\/barroso-autoriza-demissao-de-nao-vacinados-contra-a-covid-19\/","title":{"rendered":"Barroso autoriza demiss\u00e3o de n\u00e3o vacinados contra a Covid-19"},"content":{"rendered":"\n<p> O ministro Lu\u00eds Roberto Barroso, do Supremo Tribunal Federal (STF), suspendeu nesta sexta-feira (12) trechos da portaria do Minist\u00e9rio do Trabalho e Previd\u00eancia Social (MTPS) que proibia empresas de demitirem funcion\u00e1rios por n\u00e3o se vacinarem contra a Covid-19. <\/p>\n\n\n\n<p> A portaria MTPS n\u00ba 620\/2021 impedia que empresas exigissem comprovante de vacina para contratar ou a renovar o v\u00ednculo empregat\u00edcio de seus funcion\u00e1rios, citando o artigo 7\u00ba da Constitui\u00e7\u00e3o Federal, que pro\u00edbe a discrimina\u00e7\u00e3o no ato de contrata\u00e7\u00e3o por raz\u00f5es de \u201csexo, origem, ra\u00e7a, cor, estado civil, situa\u00e7\u00e3o familiar, defici\u00eancia, reabilita\u00e7\u00e3o profissional, idade, entre outros\u201d. <\/p>\n\n\n\n<p>Para o MTPS, a exig\u00eancia do comprovante \u00e9 \u201csegregacionista\u201d. Por\u00e9m, em sua decis\u00e3o, Barroso afirma que \u201ca exig\u00eancia de vacina\u00e7\u00e3o n\u00e3o \u00e9 equipar\u00e1vel \u00e0s referidas pr\u00e1ticas, uma vez que se volta \u00e0 prote\u00e7\u00e3o da sa\u00fade e da vida dos demais empregados e do p\u00fablico em geral\u201d.<\/p>\n\n\n\n<p>O ministro disse ainda que \u201ca exig\u00eancia de comprovante de vacina\u00e7\u00e3o para fins de contrata\u00e7\u00e3o trabalhista constitui medida determinada pelo art. 5\u00ba, par\u00e1grafo 5\u00ba, da Portaria n\u00ba 597\/2004, do Minist\u00e9rio da Sa\u00fade, vigente, portanto, h\u00e1 17 (dezessete) anos\u201d.<\/p>\n\n\n\n<p>A \u00fanica exce\u00e7\u00e3o concedida por Barroso \u00e9 referente a pessoas que possuem expressa contraindica\u00e7\u00e3o m\u00e9dica \u00e0 vacina\u00e7\u00e3o. No entanto, elas precisar\u00e3o passar por testagens peri\u00f3dicas.<\/p>\n","protected":false},"excerpt":{"rendered":"<p>O ministro Lu\u00eds Roberto Barroso, do Supremo Tribunal Federal (STF), suspendeu nesta sexta-feira (12) trechos da portaria do Minist\u00e9rio do Trabalho e Previd\u00eancia Social (MTPS) que proibia empresas de demitirem funcion\u00e1rios por n\u00e3o se vacinarem contra a Covid-19. A portaria MTPS n\u00ba 620\/2021 impedia que empresas exigissem comprovante de vacina para contratar ou a renovar [&hellip;]<\/p>\n","protected":false},"author":2,"featured_media":9829,"comment_status":"open","ping_status":"open","sticky":false,"template":"","format":"standard","meta":[],"categories":[4],"tags":[13,14],"_links":{"self":[{"href":"https:\/\/dgospel.com.br\/portal\/index.php\/wp-json\/wp\/v2\/posts\/9828"}],"collection":[{"href":"https:\/\/dgospel.com.br\/portal\/index.php\/wp-json\/wp\/v2\/posts"}],"about":[{"href":"https:\/\/dgospel.com.br\/portal\/index.php\/wp-json\/wp\/v2\/types\/post"}],"author":[{"embeddable":true,"href":"https:\/\/dgospel.com.br\/portal\/index.php\/wp-json\/wp\/v2\/users\/2"}],"replies":[{"embeddable":true,"href":"https:\/\/dgospel.com.br\/portal\/index.php\/wp-json\/wp\/v2\/comments?post=9828"}],"version-history":[{"count":1,"href":"https:\/\/dgospel.com.br\/portal\/index.php\/wp-json\/wp\/v2\/posts\/9828\/revisions"}],"predecessor-version":[{"id":9830,"href":"https:\/\/dgospel.com.br\/portal\/index.php\/wp-json\/wp\/v2\/posts\/9828\/revisions\/9830"}],"wp:featuredmedia":[{"embeddable":true,"href":"https:\/\/dgospel.com.br\/portal\/index.php\/wp-json\/wp\/v2\/media\/9829"}],"wp:attachment":[{"href":"https:\/\/dgospel.com.br\/portal\/index.php\/wp-json\/wp\/v2\/media?parent=9828"}],"wp:term":[{"taxonomy":"category","embeddable":true,"href":"https:\/\/dgospel.com.br\/portal\/index.php\/wp-json\/wp\/v2\/categories?post=9828"},{"taxonomy":"post_tag","embeddable":true,"href":"https:\/\/dgospel.com.br\/portal\/index.php\/wp-json\/wp\/v2\/tags?post=9828"}],"curies":[{"name":"wp","href":"https:\/\/api.w.org\/{rel}","templated":true}]}}