{"id":9834,"date":"2021-11-13T09:07:12","date_gmt":"2021-11-13T12:07:12","guid":{"rendered":"http:\/\/dgospel.com.br\/portal\/?p=9834"},"modified":"2021-11-13T09:07:13","modified_gmt":"2021-11-13T12:07:13","slug":"governo-do-tocantins-protocola-loa-2022-na-assembleia-legislativa","status":"publish","type":"post","link":"https:\/\/dgospel.com.br\/portal\/index.php\/2021\/11\/13\/governo-do-tocantins-protocola-loa-2022-na-assembleia-legislativa\/","title":{"rendered":"Governo do Tocantins protocola LOA 2022 na Assembleia Legislativa"},"content":{"rendered":"\n<p>O Governo do Tocantins protocolou na Assembleia Legislativa (Aleto), na tarde desta sexta-feira, 12, o Projeto de Lei n\u00ba 12 referente \u00e0 Lei Or\u00e7ament\u00e1ria Anual (LOA) para o exerc\u00edcio financeiro de 2022, cuja receita estimada \u00e9 de mais de R$ 11,4 bilh\u00f5es. O valor estimado representa um crescimento de mais de R$ 500 milh\u00f5es em rela\u00e7\u00e3o ao or\u00e7amento aprovado para o exerc\u00edcio de 2021. O or\u00e7amento engloba todos os \u00f3rg\u00e3os dos poderes Executivo, Legislativo, Judici\u00e1rio, Minist\u00e9rio P\u00fablico e Defensoria P\u00fablica do Tocantins.<\/p>\n\n\n\n<p>O Governo do Tocantins tamb\u00e9m protocolou na Aleto, o Projeto de Lei n\u00ba 11, que prop\u00f5e a revis\u00e3o da Lei n\u00ba 3.621\/19 que instituiu o Plano Plurianual 2020-2023.&nbsp;<\/p>\n\n\n\n<p>O governador em exerc\u00edcio, Wanderlei Barbosa, ressalta que a LOA 2022 prev\u00ea um or\u00e7amento real, levando em considera\u00e7\u00e3o o cen\u00e1rio pand\u00eamico que ainda reflete na economia mundial e resguardando o equil\u00edbrio fiscal. \u201cTodos os limites constitucionais relativos \u00e0s despesas est\u00e3o sendo preservados, com a manuten\u00e7\u00e3o e o desenvolvimento de a\u00e7\u00f5es em todas as \u00e1reas. Educa\u00e7\u00e3o, sa\u00fade, desenvolvimento social, servi\u00e7os p\u00fablicos, infraestrutura, tecnologia, cultura. Enfim, nenhuma \u00e1rea ficar\u00e1 descoberta e o or\u00e7amento ser\u00e1 gasto com a responsabilidade que a popula\u00e7\u00e3o espera de um gestor. Esse \u00e9 nosso perfil\u201d, destacou.<\/p>\n\n\n\n<p>Sobre o crescimento da receita, o secret\u00e1rio de Planejamento e Or\u00e7amento, Sergislei de Moura, destaca que h\u00e1 uma previs\u00e3o de incremento nas receitas na ordem de mais de R$ 541,5 milh\u00f5es no or\u00e7amento proposto para o exerc\u00edcio de 2022, em rela\u00e7\u00e3o ao or\u00e7amento aprovado para o exerc\u00edcio atual. \u201cEsse crescimento \u00e9 fruto do incremento da arrecada\u00e7\u00e3o de recursos pr\u00f3prios, que compreendem os impostos, as taxas e contribui\u00e7\u00f5es de melhoria e de transfer\u00eancias correntes\u201d, explica o secret\u00e1rio.<\/p>\n\n\n\n<p><strong>Receita Estimada<\/strong><\/p>\n\n\n\n<p>Do total de R$ 11,4 bilh\u00f5es, mais de R$ 7,68 bilh\u00f5es correspondem ao Or\u00e7amento Fiscal e mais de R$ 3,76 bilh\u00f5es ao Or\u00e7amento da Seguridade Social.&nbsp;<\/p>\n\n\n\n<p>Quanto \u00e0 origem dos recursos estimados, mais de R$ 6,6 bilh\u00f5es correspondem a Receitas Ordin\u00e1rias do Tesouro, que s\u00e3o as receitas provenientes de arrecada\u00e7\u00e3o de impostos e outras receitas correntes. E mais de R$ 4,8 bilh\u00f5es correspondem a Receitas de Outras Fontes, que s\u00e3o os valores advindos de opera\u00e7\u00f5es de cr\u00e9dito (empr\u00e9stimos que o Governo realiza com institui\u00e7\u00f5es financeiras), conv\u00eanios firmados com a Uni\u00e3o, arrecada\u00e7\u00e3o das autarquias e fundos especiais, al\u00e9m de repasses fundo a fundo.<\/p>\n\n\n\n<p><strong>Despesa Fixada<\/strong><\/p>\n\n\n\n<p>Cerca de 79% dos R$ 6,6 bilh\u00f5es, oriundos dos Recursos Ordin\u00e1rios do Tesouro, que equivale a mais de R$ 5,21 bilh\u00f5es, ser\u00e3o destinados ao Poder Executivo. Os 21% restantes, que corresponde a pouco mais de R$ 1,38 bilh\u00e3o, ser\u00e3o destinados aos demais Poderes.<\/p>\n\n\n\n<p>O or\u00e7amento destinado aos demais Poderes ficou estabelecido da seguinte forma: R$ 593,8 milh\u00f5es (8,99%) para o Poder Judici\u00e1rio do Tocantins; R$ 266,2 milh\u00f5es (4,03%) para a Assembleia Legislativa; R$ 221,8 milh\u00f5es (3,36%) para o Minist\u00e9rio P\u00fablico Estadual (MPE); R$ 156,5 milh\u00f5es (2,37%) para a Defensoria P\u00fablica (DPE); e R$ 148,7 milh\u00f5es (2,25%) para o Tribunal de Contas do Estado (TCE).<\/p>\n\n\n\n<p><strong>Principais \u00c1reas Beneficiadas<\/strong><\/p>\n\n\n\n<p>A Secretaria de Estado da Sa\u00fade ter\u00e1 o maior or\u00e7amento dentre as pastas, com uma previs\u00e3o de mais de R$ 1,9 bilh\u00e3o. Em seguida vem a Secretaria da Educa\u00e7\u00e3o, Juventude e Esportes (Seduc), com a previs\u00e3o de mais de R$ 1,5 bilh\u00e3o; e a \u00e1rea de Seguran\u00e7a P\u00fablica, com mais de R$ 1,4 bilh\u00e3o distribu\u00eddo entre a Secretaria de Seguran\u00e7a P\u00fablica, Secretaria da Cidadania e Justi\u00e7a, Casa Militar, Pol\u00edcia Militar, Corpo de Bombeiros Militar e seus respectivos fundos.<\/p>\n\n\n\n<p><strong>Investimentos p\u00fablicos<\/strong><\/p>\n\n\n\n<p>A \u00e1rea da infraestrutura tamb\u00e9m merece destaque, com um investimento previsto de R$ 118,9 milh\u00f5es para a pr\u00f3pria Secretaria de Infraestrutura, Cidades e Habita\u00e7\u00e3o; e mais R$ 838,8 milh\u00f5es para a Ag\u00eancia Tocantinense de Transportes e Obras. Para o Fundo de Apoio a Moradia Popular, Desenvolvimento Urbano e Preserva\u00e7\u00e3o Ambiental, est\u00e1 sendo destinado R$ 1,018 milh\u00f5es; e as demais pastas somam R$&nbsp;441,6 milh\u00f5es.<\/p>\n\n\n\n<p>No total, ser\u00e3o mais de R$ 1,4 bilh\u00e3o em investimentos, dos quais R$ 299,2 milh\u00f5es s\u00e3o provenientes de recursos pr\u00f3prios e mais de R$ 1,1 bilh\u00e3o de recursos de outras fontes.<\/p>\n\n\n\n<p>Para o fortalecimento da gest\u00e3o de pessoas, que compreende a concess\u00e3o de direitos funcionais, progress\u00f5es e data-base aos servidores, est\u00e3o sendo destinados R$ 200 milh\u00f5es para a Secretaria da Administra\u00e7\u00e3o.<\/p>\n\n\n\n<p>\u201c\u00c9 importante destacar que os percentuais de gastos com sa\u00fade e educa\u00e7\u00e3o est\u00e3o de acordo com os percentuais m\u00ednimos de investimento estabelecidos pela legisla\u00e7\u00e3o nessas duas \u00e1reas. Outro ponto importante \u00e9 que, em cumprimento \u00e0 legisla\u00e7\u00e3o estadual, ser\u00e3o destinados mais de R$ 87,7 milh\u00f5es aos projetos de emendas parlamentares individuais, correspondente a mais de R$ 3,6 milh\u00f5es em favor de cada parlamentar\u201d, finaliza o secret\u00e1rio de Planejamento e Or\u00e7amento, Sergislei de Moura.<\/p>\n\n\n\n<p><strong>Plano Plurianual<\/strong><\/p>\n\n\n\n<p>O Projeto de Lei n\u00ba 11, que disp\u00f5e sobre a revis\u00e3o do PPA 2020-2023, prop\u00f5e ajustes em programas, objetivos, indicadores, metas e a\u00e7\u00f5es or\u00e7ament\u00e1rias, em conformidade com a LOA 2022 e mantendo a continuidade das pol\u00edticas p\u00fablicas voltadas para o equil\u00edbrio fiscal e o melhor atendimento \u00e0 popula\u00e7\u00e3o, por meio de parcerias com os 139 munic\u00edpios.<\/p>\n\n\n\n<p>Conforme o PL, no \u00e2mbito dos Programas Tem\u00e1ticos foram realizadas adequa\u00e7\u00f5es quanto \u00e0 din\u00e2mica de vacina\u00e7\u00e3o da popula\u00e7\u00e3o, respons\u00e1vel por reduzir drasticamente os n\u00fameros relativos \u00e0 pandemia da covid-19, bem como inerentes ao papel do Estado como indutor do desenvolvimento com crescimento econ\u00f4mico e distribui\u00e7\u00e3o regional e municipal dos recursos p\u00fablicos.&nbsp;<\/p>\n\n\n\n<p>Devido \u00e0 retomada do crescimento econ\u00f4mico com base nas a\u00e7\u00f5es do programa&nbsp;<em>Tocando em Frente<\/em>, houve uma amplia\u00e7\u00e3o das metas estruturantes, passando para 257 em 2022, dez a mais que no ano de 2021. Os indicadores foram ampliados de 116 para 119, visando um melhor monitoramento do PPA.<\/p>\n\n\n\n<figure class=\"wp-block-image\"><img src=\"https:\/\/central.to.gov.br\/image\/269832?w=565&amp;h=349\" alt=\"\"\/><\/figure>\n\n\n\n<p>O Governo do Tocantins tamb\u00e9m protocolou na Aleto, o Projeto de Lei n\u00ba 11, que prop\u00f5e a revis\u00e3o da Lei n\u00ba 3.621\/19 que instituiu o Plano Plurianual 2020-2023 &#8211; Antonio Gon\u00e7alves\/Governo do Tocantins\n\n<\/p>\n","protected":false},"excerpt":{"rendered":"<p>O Governo do Tocantins protocolou na Assembleia Legislativa (Aleto), na tarde desta sexta-feira, 12, o Projeto de Lei n\u00ba 12 referente \u00e0 Lei Or\u00e7ament\u00e1ria Anual (LOA) para o exerc\u00edcio financeiro de 2022, cuja receita estimada \u00e9 de mais de R$ 11,4 bilh\u00f5es. O valor estimado representa um crescimento de mais de R$ 500 milh\u00f5es em [&hellip;]<\/p>\n","protected":false},"author":2,"featured_media":9835,"comment_status":"open","ping_status":"open","sticky":false,"template":"","format":"standard","meta":[],"categories":[3],"tags":[13],"_links":{"self":[{"href":"https:\/\/dgospel.com.br\/portal\/index.php\/wp-json\/wp\/v2\/posts\/9834"}],"collection":[{"href":"https:\/\/dgospel.com.br\/portal\/index.php\/wp-json\/wp\/v2\/posts"}],"about":[{"href":"https:\/\/dgospel.com.br\/portal\/index.php\/wp-json\/wp\/v2\/types\/post"}],"author":[{"embeddable":true,"href":"https:\/\/dgospel.com.br\/portal\/index.php\/wp-json\/wp\/v2\/users\/2"}],"replies":[{"embeddable":true,"href":"https:\/\/dgospel.com.br\/portal\/index.php\/wp-json\/wp\/v2\/comments?post=9834"}],"version-history":[{"count":1,"href":"https:\/\/dgospel.com.br\/portal\/index.php\/wp-json\/wp\/v2\/posts\/9834\/revisions"}],"predecessor-version":[{"id":9836,"href":"https:\/\/dgospel.com.br\/portal\/index.php\/wp-json\/wp\/v2\/posts\/9834\/revisions\/9836"}],"wp:featuredmedia":[{"embeddable":true,"href":"https:\/\/dgospel.com.br\/portal\/index.php\/wp-json\/wp\/v2\/media\/9835"}],"wp:attachment":[{"href":"https:\/\/dgospel.com.br\/portal\/index.php\/wp-json\/wp\/v2\/media?parent=9834"}],"wp:term":[{"taxonomy":"category","embeddable":true,"href":"https:\/\/dgospel.com.br\/portal\/index.php\/wp-json\/wp\/v2\/categories?post=9834"},{"taxonomy":"post_tag","embeddable":true,"href":"https:\/\/dgospel.com.br\/portal\/index.php\/wp-json\/wp\/v2\/tags?post=9834"}],"curies":[{"name":"wp","href":"https:\/\/api.w.org\/{rel}","templated":true}]}}