{"id":9840,"date":"2021-11-16T09:39:29","date_gmt":"2021-11-16T12:39:29","guid":{"rendered":"http:\/\/dgospel.com.br\/portal\/?p=9840"},"modified":"2021-11-16T09:39:30","modified_gmt":"2021-11-16T12:39:30","slug":"prefeitura-de-bauru-notifica-mcdonalds-por-banheiro-misto","status":"publish","type":"post","link":"https:\/\/dgospel.com.br\/portal\/index.php\/2021\/11\/16\/prefeitura-de-bauru-notifica-mcdonalds-por-banheiro-misto\/","title":{"rendered":"Prefeitura de Bauru notifica McDonald\u2019s por banheiro misto"},"content":{"rendered":"\n<p> Ap\u00f3s a repercuss\u00e3o do v\u00eddeo em que uma mulher denuncia os banheiros mistos individuais de uma loja do McDonald\u2019s em Bauru (SP), a Prefeitura do munic\u00edpio notificou o estabelecimento. A medida foi tomada devido ao descumprimento de exig\u00eancias previstas no C\u00f3digo Sanit\u00e1rio da cidade. <\/p>\n\n\n\n<p><a href=\"https:\/\/pleno.news\/brasil\/cidades\/mulher-denuncia-banheiro-misto-no-mcdonalds-comunista.html\">A den\u00fancia foi feita por uma mulher n\u00e3o identificada e se espalhou pelas redes sociais<\/a>. Na grava\u00e7\u00e3o, a mulher mostrou as portas dos banheiros e chamou a rede de \u201ccomunista\u201d. <\/p>\n\n\n\n<p>\u2013 \u00c9 um absurdo aqui no McDonald\u2019s. Olha isso aqui. Todos os banheiros. Tem que fechar essa imund\u00edcie desses comunistas (\u2026) Eu n\u00e3o quero usar o banheiro com homem, com mulher. Onde todo mundo usa o mesmo banheiro. Eu sou contra \u2013 apontou.<\/p>\n\n\n\n<p>De acordo com a Prefeitura de Bauru, a loja foi autuada e tem um prazo de 15 dias para recorrer e apresentar suas justificativas. Caso isso n\u00e3o seja feito, o estabelecimento pode ser interditado e multado.<\/p>\n\n\n\n<p>Em nota, o McDonald\u2019s informou que \u201cadotou cabines individuais e de uso independente para que todas as pessoas se sintam bem-vindas e possam utiliz\u00e1-las com conforto e privacidade\u201d. Al\u00e9m disso, explicou que \u201cest\u00e1 em contato com as autoridades locais para manter suas unidades de acordo com as orienta\u00e7\u00f5es determinadas por elas\u201d.<\/p>\n\n\n\n<figure class=\"wp-block-embed-twitter wp-block-embed is-type-rich is-provider-twitter\"><div class=\"wp-block-embed__wrapper\">\n<blockquote class=\"twitter-tweet\" data-width=\"550\" data-dnt=\"true\"><p lang=\"pt\" dir=\"ltr\">Direita \u00e9 maioria! Diga n\u00e3o ao MCDONALD!  Quem lacra n\u00e3o lucra! <a href=\"https:\/\/t.co\/JAQah3HYfi\">pic.twitter.com\/JAQah3HYfi<\/a><\/p>&mdash; M Ivana &#8211; Serv. Pub \/ Judiciario (@MIvana11) <a href=\"https:\/\/twitter.com\/MIvana11\/status\/1459279548902780933?ref_src=twsrc%5Etfw\">November 12, 2021<\/a><\/blockquote><script async src=\"https:\/\/platform.twitter.com\/widgets.js\" charset=\"utf-8\"><\/script>\n<\/div><\/figure>\n","protected":false},"excerpt":{"rendered":"<p>Ap\u00f3s a repercuss\u00e3o do v\u00eddeo em que uma mulher denuncia os banheiros mistos individuais de uma loja do McDonald\u2019s em Bauru (SP), a Prefeitura do munic\u00edpio notificou o estabelecimento. A medida foi tomada devido ao descumprimento de exig\u00eancias previstas no C\u00f3digo Sanit\u00e1rio da cidade. A den\u00fancia foi feita por uma mulher n\u00e3o identificada e se [&hellip;]<\/p>\n","protected":false},"author":2,"featured_media":9841,"comment_status":"open","ping_status":"open","sticky":false,"template":"","format":"standard","meta":[],"categories":[4],"tags":[],"_links":{"self":[{"href":"https:\/\/dgospel.com.br\/portal\/index.php\/wp-json\/wp\/v2\/posts\/9840"}],"collection":[{"href":"https:\/\/dgospel.com.br\/portal\/index.php\/wp-json\/wp\/v2\/posts"}],"about":[{"href":"https:\/\/dgospel.com.br\/portal\/index.php\/wp-json\/wp\/v2\/types\/post"}],"author":[{"embeddable":true,"href":"https:\/\/dgospel.com.br\/portal\/index.php\/wp-json\/wp\/v2\/users\/2"}],"replies":[{"embeddable":true,"href":"https:\/\/dgospel.com.br\/portal\/index.php\/wp-json\/wp\/v2\/comments?post=9840"}],"version-history":[{"count":1,"href":"https:\/\/dgospel.com.br\/portal\/index.php\/wp-json\/wp\/v2\/posts\/9840\/revisions"}],"predecessor-version":[{"id":9842,"href":"https:\/\/dgospel.com.br\/portal\/index.php\/wp-json\/wp\/v2\/posts\/9840\/revisions\/9842"}],"wp:featuredmedia":[{"embeddable":true,"href":"https:\/\/dgospel.com.br\/portal\/index.php\/wp-json\/wp\/v2\/media\/9841"}],"wp:attachment":[{"href":"https:\/\/dgospel.com.br\/portal\/index.php\/wp-json\/wp\/v2\/media?parent=9840"}],"wp:term":[{"taxonomy":"category","embeddable":true,"href":"https:\/\/dgospel.com.br\/portal\/index.php\/wp-json\/wp\/v2\/categories?post=9840"},{"taxonomy":"post_tag","embeddable":true,"href":"https:\/\/dgospel.com.br\/portal\/index.php\/wp-json\/wp\/v2\/tags?post=9840"}],"curies":[{"name":"wp","href":"https:\/\/api.w.org\/{rel}","templated":true}]}}