{"id":9843,"date":"2021-11-16T09:53:31","date_gmt":"2021-11-16T12:53:31","guid":{"rendered":"http:\/\/dgospel.com.br\/portal\/?p=9843"},"modified":"2021-11-16T09:53:32","modified_gmt":"2021-11-16T12:53:32","slug":"em-almoco-com-empresarios-e-parlamentares-governador-wanderlei-barbosa-anuncia-conclusao-de-obras-e-agenda-positiva-para-araguaina","status":"publish","type":"post","link":"https:\/\/dgospel.com.br\/portal\/index.php\/2021\/11\/16\/em-almoco-com-empresarios-e-parlamentares-governador-wanderlei-barbosa-anuncia-conclusao-de-obras-e-agenda-positiva-para-araguaina\/","title":{"rendered":"Em almo\u00e7o com empres\u00e1rios e parlamentares, governador Wanderlei Barbosa anuncia conclus\u00e3o de obras e agenda positiva para Aragua\u00edna"},"content":{"rendered":"\n<p>O governador em exerc\u00edcio do Estado do Tocantins, Wanderlei Barbosa, almo\u00e7ou neste domingo, 14, com empres\u00e1rios e pol\u00edticos de Aragua\u00edna para celebrar os 63 anos de funda\u00e7\u00e3o da cidade. Na oportunidade, o gestor anunciou agenda positiva na regi\u00e3o, conclus\u00e3o da obra do Hospital Geral de Aragua\u00edna e recrutamento dos aprovados no concurso da Pol\u00edcia Militar para repor o efetivo em todos os munic\u00edpios.<\/p>\n\n\n\n<p>Wanderlei Barbosa destacou que a conclus\u00e3o do Hospital de Aragua\u00edna \u00e9 uma de suas prioridades. \u201cA gente observa as grandes empresas tocantinenses, muitas delas ou a maioria est\u00e3o localizadas em Aragua\u00edna, devido a localiza\u00e7\u00e3o estrat\u00e9gica da cidade. N\u00f3s temos uma boa conviv\u00eancia com o Estado inteiro, com Aragua\u00edna n\u00e3o \u00e9 diferente. N\u00f3s vamos concluir a obra do hospital. Faremos os pagamentos, buscaremos as condi\u00e7\u00f5es financeiras e or\u00e7ament\u00e1rias para concluir uma obra como essa. Quero fazer parcerias com o munic\u00edpio de Aragua\u00edna, com diversos setores para que a gente possa construir caminhos para melhorar cada vez mais e viabilizar uma cidade com porte e condi\u00e7\u00e3o que tem Aragua\u00edna no dia de hoje\u201d, destacou o Governador.<\/p>\n\n\n\n<p>O governador Wanderlei Barbosa afirmou, ainda, que levar\u00e1 infraestrutura aos empres\u00e1rios de outras cidades da regi\u00e3o e do Estado. \u201cFaremos uma agenda com a ind\u00fastria e o com\u00e9rcio para a pr\u00f3xima semana. Levar a infraestrutura necess\u00e1ria para esse setor industrial deste munic\u00edpio. E da mesma forma faremos em Colinas e em Guara\u00ed, e em outras cidades do Estado. Levando infraestrutura aos empres\u00e1rios que geram empregos, pagam seus impostos e formam nossa economia\u201d, frisou.<\/p>\n\n\n\n<p>Sobre o concurso da Pol\u00edcia Militar, o Governador informou que em janeiro far\u00e1 o recrutamento dos aprovados no certame. \u201cO contingente da Pol\u00edcia Militar est\u00e1 diminuindo por n\u00e3o termos um concurso h\u00e1 muito tempo. N\u00f3s temos um vigente, e chamaremos a partir de 1\u00ba de janeiro para o recrutamento e faremos reposi\u00e7\u00e3o em todas as cidades do Tocantins\u201d, adiantou Wanderlei Barbosa.<\/p>\n\n\n\n<p><strong>Parlamentares e empres\u00e1rios<\/strong><br>O deputado estadual Elenil da Penha refor\u00e7ou o compromisso do governador Wanderlei Barbosa com Aragua\u00edna. \u201cO meu sentimento da visita do governador Wanderlei \u00e0 cidade de Aragua\u00edna, \u00e9 de prest\u00edgio a todos n\u00f3s, e mais do que isso, \u00e9 o an\u00fancio dele quanto \u00e0 conclus\u00e3o das obras do Hospital Geral de Aragua\u00edna. E tamb\u00e9m o encontro com os empres\u00e1rios e sociedade em geral para falarmos sobre o Distrito Agroindustrial e firmar, junto \u00e0 sociedade araguainense, o seu compromisso de continuar fazendo as a\u00e7\u00f5es do Governo acontecer em Aragua\u00edna\u201d, destacou.<\/p>\n\n\n\n<p>A deputada estadual Valderez Castelo Branco agradeceu ao Governador pela visita na data em que a cidade celebra 63 anos. \u201cHoje \u00e9 o anivers\u00e1rio da nossa querida Aragua\u00edna. Aqui \u00e9 uma cidade onde eu criei uma frase: Viver aqui ficou bem melhor! E almejamos que seja assim para que essa frase continue fazendo sentido. E hoje recebemos aqui o Governador para hipotecar seu apoio e dizer a todos os mun\u00edcipes, empres\u00e1rios, filhos e amigos, que vai cuidar, ajudar e apoiar Aragua\u00edna. Que Deus continue iluminando o governador Wanderlei e n\u00f3s como araguainenses agradecemos esse apoio\u201d, ressaltou a parlamentar.<\/p>\n\n\n\n<p>Para o empres\u00e1rio de Aragua\u00edna, Jos\u00e9 Ricardo, a visita do Governador no anivers\u00e1rio da cidade \u00e9 sinal de prest\u00edgio. \u201cEstamos recebendo ele para comemorar o anivers\u00e1rio da cidade. Est\u00e1 ficando muito bonita e com certeza ele vai nos proporcionar cada vez mais melhorias na nossa cidade. \u00c9 muita alegria para quem mora aqui desde a d\u00e9cada de 60\u201d, disse.<\/p>\n\n\n\n<p>J\u00e1 o vereador Jos\u00e9 Wilson destacou a parceria do Governador que faz quest\u00e3o de visitar cada munic\u00edpio tocantinense. \u201cAcredito que a vinda de Wanderlei a Aragua\u00edna, no dia do anivers\u00e1rio da cidade onde eu nasci, e que eu amo, \u00e9 de grande prest\u00edgio. Ele sempre \u00e9 bem-vindo! Temos um Governador que trabalha, que est\u00e1 a\u00ed visitando todos os munic\u00edpios do Tocantins para ver realmente o que cada cidade precisa\u201d, declarou.<br>&nbsp;<\/p>\n\n\n\n<figure class=\"wp-block-image\"><img src=\"https:\/\/central.to.gov.br\/image\/269872?w=565&amp;h=349\" alt=\"\"\/><\/figure>\n\n\n\n<p>O Chefe do Executivo anunciou que levar\u00e1 infraestrutura aos empres\u00e1rios de outras cidades da regi\u00e3o e do Estado &#8211; Elisangela Silva\/Governo do Tocantins<\/p>\n\n\n\n<figure class=\"wp-block-image\"><img src=\"https:\/\/central.to.gov.br\/image\/269873?w=565&amp;h=349\" alt=\"\"\/><\/figure>\n\n\n\n<p>Sobre o concurso da Pol\u00edcia Militar, o Governador informou que em janeiro far\u00e1 o recrutamento dos aprovados no certame &#8211; Elisangela Silva\/Governo do Tocantins<\/p>\n\n\n\n<figure class=\"wp-block-image\"><img src=\"https:\/\/central.to.gov.br\/image\/269874?w=565&amp;h=349\" alt=\"\"\/><\/figure>\n\n\n\n<p>Almo\u00e7o com o governador Wanderlei Barbosa reuniu empres\u00e1rios e pol\u00edticos de Aragua\u00edna para celebrar os 63 anos de funda\u00e7\u00e3o da cidade &#8211; Elisangela Silva\/Governo do Tocantins\n\n<\/p>\n","protected":false},"excerpt":{"rendered":"<p>O governador em exerc\u00edcio do Estado do Tocantins, Wanderlei Barbosa, almo\u00e7ou neste domingo, 14, com empres\u00e1rios e pol\u00edticos de Aragua\u00edna para celebrar os 63 anos de funda\u00e7\u00e3o da cidade. Na oportunidade, o gestor anunciou agenda positiva na regi\u00e3o, conclus\u00e3o da obra do Hospital Geral de Aragua\u00edna e recrutamento dos aprovados no concurso da Pol\u00edcia Militar [&hellip;]<\/p>\n","protected":false},"author":2,"featured_media":9844,"comment_status":"open","ping_status":"open","sticky":false,"template":"","format":"standard","meta":[],"categories":[3],"tags":[13],"_links":{"self":[{"href":"https:\/\/dgospel.com.br\/portal\/index.php\/wp-json\/wp\/v2\/posts\/9843"}],"collection":[{"href":"https:\/\/dgospel.com.br\/portal\/index.php\/wp-json\/wp\/v2\/posts"}],"about":[{"href":"https:\/\/dgospel.com.br\/portal\/index.php\/wp-json\/wp\/v2\/types\/post"}],"author":[{"embeddable":true,"href":"https:\/\/dgospel.com.br\/portal\/index.php\/wp-json\/wp\/v2\/users\/2"}],"replies":[{"embeddable":true,"href":"https:\/\/dgospel.com.br\/portal\/index.php\/wp-json\/wp\/v2\/comments?post=9843"}],"version-history":[{"count":1,"href":"https:\/\/dgospel.com.br\/portal\/index.php\/wp-json\/wp\/v2\/posts\/9843\/revisions"}],"predecessor-version":[{"id":9845,"href":"https:\/\/dgospel.com.br\/portal\/index.php\/wp-json\/wp\/v2\/posts\/9843\/revisions\/9845"}],"wp:featuredmedia":[{"embeddable":true,"href":"https:\/\/dgospel.com.br\/portal\/index.php\/wp-json\/wp\/v2\/media\/9844"}],"wp:attachment":[{"href":"https:\/\/dgospel.com.br\/portal\/index.php\/wp-json\/wp\/v2\/media?parent=9843"}],"wp:term":[{"taxonomy":"category","embeddable":true,"href":"https:\/\/dgospel.com.br\/portal\/index.php\/wp-json\/wp\/v2\/categories?post=9843"},{"taxonomy":"post_tag","embeddable":true,"href":"https:\/\/dgospel.com.br\/portal\/index.php\/wp-json\/wp\/v2\/tags?post=9843"}],"curies":[{"name":"wp","href":"https:\/\/api.w.org\/{rel}","templated":true}]}}