{"id":9846,"date":"2021-11-18T06:45:50","date_gmt":"2021-11-18T09:45:50","guid":{"rendered":"http:\/\/dgospel.com.br\/portal\/?p=9846"},"modified":"2021-11-18T06:45:51","modified_gmt":"2021-11-18T09:45:51","slug":"projeto-de-leo-barbosa-preve-aplicacao-de-terapia-aba-para-alunos-autistas-nas-escolas-estaduais","status":"publish","type":"post","link":"https:\/\/dgospel.com.br\/portal\/index.php\/2021\/11\/18\/projeto-de-leo-barbosa-preve-aplicacao-de-terapia-aba-para-alunos-autistas-nas-escolas-estaduais\/","title":{"rendered":"Projeto de L\u00e9o Barbosa prev\u00ea aplica\u00e7\u00e3o de terapia ABA para alunos autistas nas escolas estaduais"},"content":{"rendered":"\n<p>\n\nTramita na Assembleia Legislativa do Tocantins, o PL&nbsp; 556\/2021, de autoria do deputado estadual L\u00e9o Barbosa (SD), que disp\u00f5e sobre a ado\u00e7\u00e3o do Sistema de Inclus\u00e3o Escolar &#8220;ABA&#8221;&nbsp; (An\u00e1lise do Comportamento Aplicada) para crian\u00e7as com Transtorno do Espectro Autista (TEA) nas escolas da Rede P\u00fablica de ensino.<br>Segundo o texto da propositura, &#8220;cada unidade de ensino dever\u00e1 dispor de profissionais capacitados para a efetiva implementa\u00e7\u00e3o da t\u00e9cnica ABA, sendo um Psic\u00f3logo por unidade escolar, um Pedagogo e dois estagi\u00e1rios de Psicologia para cada quatro indiv\u00edduos diagnosticados com autismo&#8221;.<br>A Psic\u00f3loga Vit\u00f3ria Regina Costa, p\u00f3s-graduanda em ABA, explica que tal an\u00e1lise consiste em um conjunto de t\u00e9cnicas e procedimentos advindos de um campo especifico da Psicologia Comportamental, que tem se mostrado eficaz na efetiva inser\u00e7\u00e3o de crian\u00e7as com Transtorno de Espetro Autista no ambiente escolar, quando utilizada precocemente.<br>&#8220;A efetiva\u00e7\u00e3o deste Projeto seria uma grande conquista, porque o trabalho de profissionais capacitados nas escolas pode proporcionar o Plano de Ensino Individualizado (PEI), que seria unificado entre educa\u00e7\u00e3o e sa\u00fade, ofertando um atendimento multiprofissional ao aluno\/paciente e a fam\u00edlia tamb\u00e9m. Isso significa mais qualidade de vida para as crian\u00e7as autistas&#8221;, destacou Vit\u00f3ria.\n\n<\/p>\n","protected":false},"excerpt":{"rendered":"<p>Tramita na Assembleia Legislativa do Tocantins, o PL&nbsp; 556\/2021, de autoria do deputado estadual L\u00e9o Barbosa (SD), que disp\u00f5e sobre a ado\u00e7\u00e3o do Sistema de Inclus\u00e3o Escolar &#8220;ABA&#8221;&nbsp; (An\u00e1lise do Comportamento Aplicada) para crian\u00e7as com Transtorno do Espectro Autista (TEA) nas escolas da Rede P\u00fablica de ensino.Segundo o texto da propositura, &#8220;cada unidade de ensino [&hellip;]<\/p>\n","protected":false},"author":2,"featured_media":9847,"comment_status":"open","ping_status":"open","sticky":false,"template":"","format":"standard","meta":[],"categories":[8],"tags":[13],"_links":{"self":[{"href":"https:\/\/dgospel.com.br\/portal\/index.php\/wp-json\/wp\/v2\/posts\/9846"}],"collection":[{"href":"https:\/\/dgospel.com.br\/portal\/index.php\/wp-json\/wp\/v2\/posts"}],"about":[{"href":"https:\/\/dgospel.com.br\/portal\/index.php\/wp-json\/wp\/v2\/types\/post"}],"author":[{"embeddable":true,"href":"https:\/\/dgospel.com.br\/portal\/index.php\/wp-json\/wp\/v2\/users\/2"}],"replies":[{"embeddable":true,"href":"https:\/\/dgospel.com.br\/portal\/index.php\/wp-json\/wp\/v2\/comments?post=9846"}],"version-history":[{"count":1,"href":"https:\/\/dgospel.com.br\/portal\/index.php\/wp-json\/wp\/v2\/posts\/9846\/revisions"}],"predecessor-version":[{"id":9848,"href":"https:\/\/dgospel.com.br\/portal\/index.php\/wp-json\/wp\/v2\/posts\/9846\/revisions\/9848"}],"wp:featuredmedia":[{"embeddable":true,"href":"https:\/\/dgospel.com.br\/portal\/index.php\/wp-json\/wp\/v2\/media\/9847"}],"wp:attachment":[{"href":"https:\/\/dgospel.com.br\/portal\/index.php\/wp-json\/wp\/v2\/media?parent=9846"}],"wp:term":[{"taxonomy":"category","embeddable":true,"href":"https:\/\/dgospel.com.br\/portal\/index.php\/wp-json\/wp\/v2\/categories?post=9846"},{"taxonomy":"post_tag","embeddable":true,"href":"https:\/\/dgospel.com.br\/portal\/index.php\/wp-json\/wp\/v2\/tags?post=9846"}],"curies":[{"name":"wp","href":"https:\/\/api.w.org\/{rel}","templated":true}]}}