{"id":9849,"date":"2021-11-18T07:25:16","date_gmt":"2021-11-18T10:25:16","guid":{"rendered":"http:\/\/dgospel.com.br\/portal\/?p=9849"},"modified":"2021-11-18T07:25:17","modified_gmt":"2021-11-18T10:25:17","slug":"anderson-freire-recebe-medalha-do-grammy-latino-2021","status":"publish","type":"post","link":"https:\/\/dgospel.com.br\/portal\/index.php\/2021\/11\/18\/anderson-freire-recebe-medalha-do-grammy-latino-2021\/","title":{"rendered":"Anderson Freire recebe medalha do Grammy Latino 2021"},"content":{"rendered":"\n<p> Os vencedores da 22\u00aa edi\u00e7\u00e3o do Grammy Latino ser\u00e3o conhecidos na noite desta quinta-feira (18), em uma grande cerim\u00f4nia que acontece em Las Vegas, nos Estados Unidos. Dentre as v\u00e1rias categorias, a m\u00fasica crist\u00e3 em l\u00edngua portuguesa \u00e9 representada por Anderson Freire, Daniela Ara\u00fajo, Eli Soares, Leonardo Gon\u00e7alves e Sarah Farias. <\/p>\n\n\n\n<figure class=\"wp-block-image\"><img src=\"https:\/\/static.cdn.pleno.news\/2021\/11\/WhatsApp-Image-2021-11-17-at-23.02.05-e1637201911536-1024x850.jpeg\" alt=\"\" class=\"wp-image-841868\"\/><figcaption>Indicado ao Grammy, Anderson Freire recebeu sua medalha&nbsp;Foto: Arquivo pessoal<\/figcaption><\/figure>\n\n\n\n<figure class=\"wp-block-image\"><img src=\"https:\/\/static.cdn.pleno.news\/2021\/11\/WhatsApp-Image-2021-11-17-at-23.02.04-768x1024.jpeg\" alt=\"\" class=\"wp-image-841867\"\/><figcaption>Anderson Freire com a esposa Raquel Freire&nbsp;Foto: Arquivo pessoal<\/figcaption><\/figure>\n\n\n\n<p>Nesta quarta-feira (17), os artistas que concorrem ao pr\u00eamio come\u00e7aram a receber suas medalhas pela indica\u00e7\u00e3o. Ao\u00a0<strong>Pleno.News<\/strong>, o cantor Anderson Freire, que conquistou o Grammy em 2016 com\u00a0<em>Deus N\u00e3o Te Rejeita<\/em>, comemorou sua sexta indica\u00e7\u00e3o ao gramofone dourado, desta vez com\u00a0<em>Seguir Teu Cora\u00e7\u00e3o<\/em>.<\/p>\n\n\n\n<p>\u2013 Estou muito feliz! Ter esse reconhecimento \u00e9 muito especial; \u00e9 ver que as pessoas enxergam em voc\u00ea um valor. Agrade\u00e7o \u00e0 gravadora MK Music, pela gravadora se empenhar tanto em me ajudar! Agrade\u00e7o a todos os profissionais envolvidos e acima de tudo a Deus. Que o nome Dele seja exaltado!<\/p>\n\n\n\n<p>Assim como Anderson Freire, Leonardo Gon\u00e7alves, que concorre com&nbsp;<em>Sentido<\/em>, tamb\u00e9m est\u00e1 em Las Vegas, assim como Aline Barros. Dona de oito Grammys, ela concorre na categoria de Melhor \u00c1lbum de M\u00fasica Crist\u00e3 (L\u00edngua Espanhola) com<em>&nbsp;Redenci\u00f3n<\/em>&nbsp;e tamb\u00e9m participar\u00e1 da premia\u00e7\u00e3o.<\/p>\n\n\n\n<p>\u2013 Tem sido um privil\u00e9gio poder espalhar as boas novas atrav\u00e9s do que Jesus confiou a mim! Louvado seja o Senhor a Ele toda honra e toda gl\u00f3ria!!! \u2013 comemorou a cantora nas redes sociais.Daniela Ara\u00fajo, que concorre com<em>&nbsp;Catarse: Lado: B<\/em>&nbsp;est\u00e1 a caminho de Las Vegas. Eli Soares, que concorre com&nbsp;<em>Eli Soares 10 anos<\/em>&nbsp;e Sarah Farias, que concorre com&nbsp;<em>Sarah Farias (ao vivo)<\/em>; n\u00e3o puderam comparecer ao evento.\n\n<\/p>\n","protected":false},"excerpt":{"rendered":"<p>Os vencedores da 22\u00aa edi\u00e7\u00e3o do Grammy Latino ser\u00e3o conhecidos na noite desta quinta-feira (18), em uma grande cerim\u00f4nia que acontece em Las Vegas, nos Estados Unidos. Dentre as v\u00e1rias categorias, a m\u00fasica crist\u00e3 em l\u00edngua portuguesa \u00e9 representada por Anderson Freire, Daniela Ara\u00fajo, Eli Soares, Leonardo Gon\u00e7alves e Sarah Farias. Nesta quarta-feira (17), os [&hellip;]<\/p>\n","protected":false},"author":2,"featured_media":9850,"comment_status":"open","ping_status":"open","sticky":false,"template":"","format":"standard","meta":[],"categories":[17],"tags":[],"_links":{"self":[{"href":"https:\/\/dgospel.com.br\/portal\/index.php\/wp-json\/wp\/v2\/posts\/9849"}],"collection":[{"href":"https:\/\/dgospel.com.br\/portal\/index.php\/wp-json\/wp\/v2\/posts"}],"about":[{"href":"https:\/\/dgospel.com.br\/portal\/index.php\/wp-json\/wp\/v2\/types\/post"}],"author":[{"embeddable":true,"href":"https:\/\/dgospel.com.br\/portal\/index.php\/wp-json\/wp\/v2\/users\/2"}],"replies":[{"embeddable":true,"href":"https:\/\/dgospel.com.br\/portal\/index.php\/wp-json\/wp\/v2\/comments?post=9849"}],"version-history":[{"count":1,"href":"https:\/\/dgospel.com.br\/portal\/index.php\/wp-json\/wp\/v2\/posts\/9849\/revisions"}],"predecessor-version":[{"id":9851,"href":"https:\/\/dgospel.com.br\/portal\/index.php\/wp-json\/wp\/v2\/posts\/9849\/revisions\/9851"}],"wp:featuredmedia":[{"embeddable":true,"href":"https:\/\/dgospel.com.br\/portal\/index.php\/wp-json\/wp\/v2\/media\/9850"}],"wp:attachment":[{"href":"https:\/\/dgospel.com.br\/portal\/index.php\/wp-json\/wp\/v2\/media?parent=9849"}],"wp:term":[{"taxonomy":"category","embeddable":true,"href":"https:\/\/dgospel.com.br\/portal\/index.php\/wp-json\/wp\/v2\/categories?post=9849"},{"taxonomy":"post_tag","embeddable":true,"href":"https:\/\/dgospel.com.br\/portal\/index.php\/wp-json\/wp\/v2\/tags?post=9849"}],"curies":[{"name":"wp","href":"https:\/\/api.w.org\/{rel}","templated":true}]}}