{"id":9852,"date":"2021-11-18T07:35:17","date_gmt":"2021-11-18T10:35:17","guid":{"rendered":"http:\/\/dgospel.com.br\/portal\/?p=9852"},"modified":"2021-11-18T07:35:18","modified_gmt":"2021-11-18T10:35:18","slug":"pl-da-apoio-a-bolsonaro-e-carta-branca-a-valdemar-por-filiacao","status":"publish","type":"post","link":"https:\/\/dgospel.com.br\/portal\/index.php\/2021\/11\/18\/pl-da-apoio-a-bolsonaro-e-carta-branca-a-valdemar-por-filiacao\/","title":{"rendered":"PL d\u00e1 apoio a Bolsonaro e \u2018carta branca\u2019 a Valdemar por filia\u00e7\u00e3o"},"content":{"rendered":"\n<p> Em nota divulgada \u00e0 imprensa nesta quarta-feira (17), o Partido Liberado (PL) afirmou que \u201cest\u00e1 pronto e alinhado\u201d para receber o presidente Jair Bolsonaro na sigla. De acordo com o documento, a decis\u00e3o foi tomada por todos os presidentes dos diret\u00f3rios regionais ap\u00f3s uma reuni\u00e3o. <\/p>\n\n\n\n<p> A filia\u00e7\u00e3o de Bolsonaro estava marcada para ocorrer na pr\u00f3xima segunda-feira (22). Mas, no \u00faltimo fim de semana, o presidente da Rep\u00fablica e o presidente da sigla, Valdemar Costa Neto, n\u00e3o chegaram a um acordo sobre algumas quest\u00f5es referentes ao diret\u00f3rio de S\u00e3o Paulo e ao apoio do PL a partidos de oposi\u00e7\u00e3o. <\/p>\n\n\n\n<p>Nesta quarta, no entanto, a sigla informou que Neto \u201ctem carta branca para conduzir e decidir sobre a sucess\u00e3o presidencial e a filia\u00e7\u00e3o do presidente Jair Bolsonaro\u201d.<\/p>\n\n\n\n<p>Ao portal Uol, o senador Wellington Fagundes (MT) afirmou que ainda n\u00e3o h\u00e1 uma nova data para a filia\u00e7\u00e3o de Bolsonaro.<\/p>\n\n\n\n<figure class=\"wp-block-image\"><img src=\"https:\/\/static.cdn.pleno.news\/2021\/11\/PL-858x1024.jpg\" alt=\"\" class=\"wp-image-841800\"\/><\/figure>\n","protected":false},"excerpt":{"rendered":"<p>Em nota divulgada \u00e0 imprensa nesta quarta-feira (17), o Partido Liberado (PL) afirmou que \u201cest\u00e1 pronto e alinhado\u201d para receber o presidente Jair Bolsonaro na sigla. De acordo com o documento, a decis\u00e3o foi tomada por todos os presidentes dos diret\u00f3rios regionais ap\u00f3s uma reuni\u00e3o. A filia\u00e7\u00e3o de Bolsonaro estava marcada para ocorrer na pr\u00f3xima [&hellip;]<\/p>\n","protected":false},"author":2,"featured_media":9853,"comment_status":"open","ping_status":"open","sticky":false,"template":"","format":"standard","meta":[],"categories":[4],"tags":[13,14],"_links":{"self":[{"href":"https:\/\/dgospel.com.br\/portal\/index.php\/wp-json\/wp\/v2\/posts\/9852"}],"collection":[{"href":"https:\/\/dgospel.com.br\/portal\/index.php\/wp-json\/wp\/v2\/posts"}],"about":[{"href":"https:\/\/dgospel.com.br\/portal\/index.php\/wp-json\/wp\/v2\/types\/post"}],"author":[{"embeddable":true,"href":"https:\/\/dgospel.com.br\/portal\/index.php\/wp-json\/wp\/v2\/users\/2"}],"replies":[{"embeddable":true,"href":"https:\/\/dgospel.com.br\/portal\/index.php\/wp-json\/wp\/v2\/comments?post=9852"}],"version-history":[{"count":1,"href":"https:\/\/dgospel.com.br\/portal\/index.php\/wp-json\/wp\/v2\/posts\/9852\/revisions"}],"predecessor-version":[{"id":9854,"href":"https:\/\/dgospel.com.br\/portal\/index.php\/wp-json\/wp\/v2\/posts\/9852\/revisions\/9854"}],"wp:featuredmedia":[{"embeddable":true,"href":"https:\/\/dgospel.com.br\/portal\/index.php\/wp-json\/wp\/v2\/media\/9853"}],"wp:attachment":[{"href":"https:\/\/dgospel.com.br\/portal\/index.php\/wp-json\/wp\/v2\/media?parent=9852"}],"wp:term":[{"taxonomy":"category","embeddable":true,"href":"https:\/\/dgospel.com.br\/portal\/index.php\/wp-json\/wp\/v2\/categories?post=9852"},{"taxonomy":"post_tag","embeddable":true,"href":"https:\/\/dgospel.com.br\/portal\/index.php\/wp-json\/wp\/v2\/tags?post=9852"}],"curies":[{"name":"wp","href":"https:\/\/api.w.org\/{rel}","templated":true}]}}